{"id":805,"count":4,"description":"","link":"https:\/\/concertacaoamazonia.com.br\/veiculo\/alianca-pela-restauracao-da-amazonia\/","name":"Alian\u00e7a pela Restaura\u00e7\u00e3o da Amaz\u00f4nia","slug":"alianca-pela-restauracao-da-amazonia","taxonomy":"veiculo","parent":0,"meta":[],"_links":{"self":[{"href":"https:\/\/concertacaoamazonia.com.br\/en\/wp-json\/wp\/v2\/veiculo\/805","targetHints":{"allow":["GET"]}}],"collection":[{"href":"https:\/\/concertacaoamazonia.com.br\/en\/wp-json\/wp\/v2\/veiculo"}],"about":[{"href":"https:\/\/concertacaoamazonia.com.br\/en\/wp-json\/wp\/v2\/taxonomies\/veiculo"}],"wp:post_type":[{"href":"https:\/\/concertacaoamazonia.com.br\/en\/wp-json\/wp\/v2\/posts?veiculo=805"},{"href":"https:\/\/concertacaoamazonia.com.br\/en\/wp-json\/wp\/v2\/estudos?veiculo=805"},{"href":"https:\/\/concertacaoamazonia.com.br\/en\/wp-json\/wp\/v2\/plenarias?veiculo=805"}],"curies":[{"name":"wp","href":"https:\/\/api.w.org\/{rel}","templated":true}]}}