{"id":2247,"count":1,"description":"","link":"https:\/\/concertacaoamazonia.com.br\/veiculo\/lira-legado-integrado-da-regiao-amazonica-uma-iniciativa-do-ipe-instituto-de-pesquisas-ecologicas\/","name":"LIRA \u2013 Legado Integrado da Regi\u00e3o Amaz\u00f4nica, uma iniciativa do IP\u00ca - Instituto de Pesquisas Ecol\u00f3gicas","slug":"lira-legado-integrado-da-regiao-amazonica-uma-iniciativa-do-ipe-instituto-de-pesquisas-ecologicas","taxonomy":"veiculo","parent":0,"meta":[],"_links":{"self":[{"href":"https:\/\/concertacaoamazonia.com.br\/en\/wp-json\/wp\/v2\/veiculo\/2247","targetHints":{"allow":["GET"]}}],"collection":[{"href":"https:\/\/concertacaoamazonia.com.br\/en\/wp-json\/wp\/v2\/veiculo"}],"about":[{"href":"https:\/\/concertacaoamazonia.com.br\/en\/wp-json\/wp\/v2\/taxonomies\/veiculo"}],"wp:post_type":[{"href":"https:\/\/concertacaoamazonia.com.br\/en\/wp-json\/wp\/v2\/posts?veiculo=2247"},{"href":"https:\/\/concertacaoamazonia.com.br\/en\/wp-json\/wp\/v2\/estudos?veiculo=2247"},{"href":"https:\/\/concertacaoamazonia.com.br\/en\/wp-json\/wp\/v2\/plenarias?veiculo=2247"}],"curies":[{"name":"wp","href":"https:\/\/api.w.org\/{rel}","templated":true}]}}