{"id":89335,"date":"2026-01-06T19:37:45","date_gmt":"2026-01-06T22:37:45","guid":{"rendered":"https:\/\/concertacaoamazonia.com.br\/?p=89335"},"modified":"2026-01-06T19:37:45","modified_gmt":"2026-01-06T22:37:45","slug":"amazonia-registra-a-primeira-unidade-de-conservacao-estadual-do-brasil-em-programa-internacional-da-lista-verde","status":"publish","type":"post","link":"https:\/\/concertacaoamazonia.com.br\/en\/2026\/01\/06\/amazonia-registra-a-primeira-unidade-de-conservacao-estadual-do-brasil-em-programa-internacional-da-lista-verde\/","title":{"rendered":"Amaz\u00f4nia registra a primeira Unidade de Conserva\u00e7\u00e3o estadual do Brasil em programa internacional da Lista Verde"},"content":{"rendered":"\n<p>Certifica\u00e7\u00e3o da UICN reconhece excel\u00eancia socioambiental da RDS do Rio Iratapuru, no Amap\u00e1, destacando governan\u00e7a participativa, conserva\u00e7\u00e3o da biodiversidade e gera\u00e7\u00e3o de benef\u00edcios econ\u00f4micos \u00e0s comunidades amaz\u00f4nicas tradicionais locais sustent\u00e1veis.<\/p>\n","protected":false},"excerpt":{"rendered":"<p>Certifica\u00e7\u00e3o da UICN reconhece excel\u00eancia socioambiental da RDS do Rio Iratapuru, no Amap\u00e1, destacando governan\u00e7a participativa, conserva\u00e7\u00e3o da biodiversidade e gera\u00e7\u00e3o de benef\u00edcios econ\u00f4micos \u00e0s comunidades amaz\u00f4nicas tradicionais locais sustent\u00e1veis.<\/p>\n","protected":false},"author":226,"featured_media":89336,"comment_status":"open","ping_status":"open","sticky":false,"template":"","format":"standard","meta":{"footnotes":""},"categories":[28],"tags":[],"veiculo":[2349],"ano":[2461],"eixos":[],"class_list":["post-89335","post","type-post","status-publish","format-standard","has-post-thumbnail","hentry","category-artigo-externo","veiculo-meteored"],"_links":{"self":[{"href":"https:\/\/concertacaoamazonia.com.br\/en\/wp-json\/wp\/v2\/posts\/89335","targetHints":{"allow":["GET"]}}],"collection":[{"href":"https:\/\/concertacaoamazonia.com.br\/en\/wp-json\/wp\/v2\/posts"}],"about":[{"href":"https:\/\/concertacaoamazonia.com.br\/en\/wp-json\/wp\/v2\/types\/post"}],"author":[{"embeddable":true,"href":"https:\/\/concertacaoamazonia.com.br\/en\/wp-json\/wp\/v2\/users\/226"}],"replies":[{"embeddable":true,"href":"https:\/\/concertacaoamazonia.com.br\/en\/wp-json\/wp\/v2\/comments?post=89335"}],"version-history":[{"count":0,"href":"https:\/\/concertacaoamazonia.com.br\/en\/wp-json\/wp\/v2\/posts\/89335\/revisions"}],"wp:featuredmedia":[{"embeddable":true,"href":"https:\/\/concertacaoamazonia.com.br\/en\/wp-json\/wp\/v2\/media\/89336"}],"wp:attachment":[{"href":"https:\/\/concertacaoamazonia.com.br\/en\/wp-json\/wp\/v2\/media?parent=89335"}],"wp:term":[{"taxonomy":"category","embeddable":true,"href":"https:\/\/concertacaoamazonia.com.br\/en\/wp-json\/wp\/v2\/categories?post=89335"},{"taxonomy":"post_tag","embeddable":true,"href":"https:\/\/concertacaoamazonia.com.br\/en\/wp-json\/wp\/v2\/tags?post=89335"},{"taxonomy":"veiculo","embeddable":true,"href":"https:\/\/concertacaoamazonia.com.br\/en\/wp-json\/wp\/v2\/veiculo?post=89335"},{"taxonomy":"ano","embeddable":true,"href":"https:\/\/concertacaoamazonia.com.br\/en\/wp-json\/wp\/v2\/ano?post=89335"},{"taxonomy":"eixos","embeddable":true,"href":"https:\/\/concertacaoamazonia.com.br\/en\/wp-json\/wp\/v2\/eixos?post=89335"}],"curies":[{"name":"wp","href":"https:\/\/api.w.org\/{rel}","templated":true}]}}