{"id":89314,"date":"2025-12-19T15:50:57","date_gmt":"2025-12-19T18:50:57","guid":{"rendered":"https:\/\/concertacaoamazonia.com.br\/?p=89314"},"modified":"2026-05-02T00:03:32","modified_gmt":"2026-05-02T03:03:32","slug":"fundo-amazonia-aprova-mais-de-r-2-bilhoes-em-2025-e-amplia-acoes-ambientais","status":"publish","type":"post","link":"https:\/\/concertacaoamazonia.com.br\/en\/2025\/12\/19\/fundo-amazonia-aprova-mais-de-r-2-bilhoes-em-2025-e-amplia-acoes-ambientais\/","title":{"rendered":"Fundo Amaz\u00f4nia aprova mais de R$ 2 bilh\u00f5es em 2025 e amplia a\u00e7\u00f5es ambientais"},"content":{"rendered":"\n<p>Recursos impulsionam restaura\u00e7\u00e3o, atividades produtivas sustent\u00e1veis e preven\u00e7\u00e3o de inc\u00eandios florestais<\/p>\n","protected":false},"excerpt":{"rendered":"<p>Recursos impulsionam restaura\u00e7\u00e3o, atividades produtivas sustent\u00e1veis e preven\u00e7\u00e3o de inc\u00eandios florestais<\/p>\n","protected":false},"author":226,"featured_media":89315,"comment_status":"closed","ping_status":"closed","sticky":false,"template":"","format":"standard","meta":{"footnotes":""},"categories":[28],"tags":[],"veiculo":[2085],"ano":[2224],"eixos":[],"class_list":["post-89314","post","type-post","status-publish","format-standard","has-post-thumbnail","hentry","category-artigo-externo","veiculo-canal-rural"],"_links":{"self":[{"href":"https:\/\/concertacaoamazonia.com.br\/en\/wp-json\/wp\/v2\/posts\/89314","targetHints":{"allow":["GET"]}}],"collection":[{"href":"https:\/\/concertacaoamazonia.com.br\/en\/wp-json\/wp\/v2\/posts"}],"about":[{"href":"https:\/\/concertacaoamazonia.com.br\/en\/wp-json\/wp\/v2\/types\/post"}],"author":[{"embeddable":true,"href":"https:\/\/concertacaoamazonia.com.br\/en\/wp-json\/wp\/v2\/users\/226"}],"replies":[{"embeddable":true,"href":"https:\/\/concertacaoamazonia.com.br\/en\/wp-json\/wp\/v2\/comments?post=89314"}],"version-history":[{"count":0,"href":"https:\/\/concertacaoamazonia.com.br\/en\/wp-json\/wp\/v2\/posts\/89314\/revisions"}],"wp:featuredmedia":[{"embeddable":true,"href":"https:\/\/concertacaoamazonia.com.br\/en\/wp-json\/wp\/v2\/media\/89315"}],"wp:attachment":[{"href":"https:\/\/concertacaoamazonia.com.br\/en\/wp-json\/wp\/v2\/media?parent=89314"}],"wp:term":[{"taxonomy":"category","embeddable":true,"href":"https:\/\/concertacaoamazonia.com.br\/en\/wp-json\/wp\/v2\/categories?post=89314"},{"taxonomy":"post_tag","embeddable":true,"href":"https:\/\/concertacaoamazonia.com.br\/en\/wp-json\/wp\/v2\/tags?post=89314"},{"taxonomy":"veiculo","embeddable":true,"href":"https:\/\/concertacaoamazonia.com.br\/en\/wp-json\/wp\/v2\/veiculo?post=89314"},{"taxonomy":"ano","embeddable":true,"href":"https:\/\/concertacaoamazonia.com.br\/en\/wp-json\/wp\/v2\/ano?post=89314"},{"taxonomy":"eixos","embeddable":true,"href":"https:\/\/concertacaoamazonia.com.br\/en\/wp-json\/wp\/v2\/eixos?post=89314"}],"curies":[{"name":"wp","href":"https:\/\/api.w.org\/{rel}","templated":true}]}}