{"id":88621,"date":"2025-11-25T11:22:28","date_gmt":"2025-11-25T14:22:28","guid":{"rendered":"https:\/\/concertacaoamazonia.com.br\/?p=88218"},"modified":"2026-05-02T00:04:35","modified_gmt":"2026-05-02T03:04:35","slug":"banzeiro-da-esperanca-encerra-jornada-na-cop30-e-consolida-movimento-cultural-pela-amazonia","status":"publish","type":"post","link":"https:\/\/concertacaoamazonia.com.br\/en\/2025\/11\/25\/banzeiro-da-esperanca-encerra-jornada-na-cop30-e-consolida-movimento-cultural-pela-amazonia\/","title":{"rendered":"Banzeiro da Esperan\u00e7a encerra jornada na COP30 e consolida movimento cultural pela Amaz\u00f4nia"},"content":{"rendered":"\n<p>Ap\u00f3s mais de 1.600 quil\u00f4metros navegados pelo Rio Amazonas, aproximadamente 90 atividades e milhares de pessoas mobilizadas ao longo do trajeto entre Manaus (AM) e Bel\u00e9m (PA), o Banzeiro da Esperan\u00e7a encerrou oficialmente sua jornada na COP30. O barco deixou Bel\u00e9m nesta sexta (21) para sua viagem de volta \u00e0 Manaus (AM).<\/p>\n","protected":false},"excerpt":{"rendered":"<p>Ap\u00f3s mais de 1.600 quil\u00f4metros navegados pelo Rio Amazonas, aproximadamente 90 atividades e milhares de pessoas mobilizadas ao longo do trajeto entre Manaus (AM) e Bel\u00e9m (PA), o Banzeiro da Esperan\u00e7a encerrou oficialmente sua jornada na COP30. O barco deixou Bel\u00e9m nesta sexta (21) para sua viagem de volta \u00e0 Manaus (AM).<\/p>\n","protected":false},"author":226,"featured_media":88819,"comment_status":"closed","ping_status":"closed","sticky":false,"template":"","format":"standard","meta":{"footnotes":""},"categories":[28],"tags":[],"veiculo":[2145],"ano":[2224],"eixos":[],"class_list":["post-88621","post","type-post","status-publish","format-standard","has-post-thumbnail","hentry","category-artigo-externo","veiculo-portal-amazonia"],"_links":{"self":[{"href":"https:\/\/concertacaoamazonia.com.br\/en\/wp-json\/wp\/v2\/posts\/88621","targetHints":{"allow":["GET"]}}],"collection":[{"href":"https:\/\/concertacaoamazonia.com.br\/en\/wp-json\/wp\/v2\/posts"}],"about":[{"href":"https:\/\/concertacaoamazonia.com.br\/en\/wp-json\/wp\/v2\/types\/post"}],"author":[{"embeddable":true,"href":"https:\/\/concertacaoamazonia.com.br\/en\/wp-json\/wp\/v2\/users\/226"}],"replies":[{"embeddable":true,"href":"https:\/\/concertacaoamazonia.com.br\/en\/wp-json\/wp\/v2\/comments?post=88621"}],"version-history":[{"count":0,"href":"https:\/\/concertacaoamazonia.com.br\/en\/wp-json\/wp\/v2\/posts\/88621\/revisions"}],"wp:featuredmedia":[{"embeddable":true,"href":"https:\/\/concertacaoamazonia.com.br\/en\/wp-json\/wp\/v2\/media\/88819"}],"wp:attachment":[{"href":"https:\/\/concertacaoamazonia.com.br\/en\/wp-json\/wp\/v2\/media?parent=88621"}],"wp:term":[{"taxonomy":"category","embeddable":true,"href":"https:\/\/concertacaoamazonia.com.br\/en\/wp-json\/wp\/v2\/categories?post=88621"},{"taxonomy":"post_tag","embeddable":true,"href":"https:\/\/concertacaoamazonia.com.br\/en\/wp-json\/wp\/v2\/tags?post=88621"},{"taxonomy":"veiculo","embeddable":true,"href":"https:\/\/concertacaoamazonia.com.br\/en\/wp-json\/wp\/v2\/veiculo?post=88621"},{"taxonomy":"ano","embeddable":true,"href":"https:\/\/concertacaoamazonia.com.br\/en\/wp-json\/wp\/v2\/ano?post=88621"},{"taxonomy":"eixos","embeddable":true,"href":"https:\/\/concertacaoamazonia.com.br\/en\/wp-json\/wp\/v2\/eixos?post=88621"}],"curies":[{"name":"wp","href":"https:\/\/api.w.org\/{rel}","templated":true}]}}