{"id":88479,"date":"2025-10-23T14:13:31","date_gmt":"2025-10-23T17:13:31","guid":{"rendered":"https:\/\/concertacaoamazonia.com.br\/?p=87239"},"modified":"2025-10-23T14:13:31","modified_gmt":"2025-10-23T17:13:31","slug":"produtos-da-sociobioeconomia-ganham-destaque-em-festival-na-cop30","status":"publish","type":"post","link":"https:\/\/concertacaoamazonia.com.br\/en\/2025\/10\/23\/produtos-da-sociobioeconomia-ganham-destaque-em-festival-na-cop30\/","title":{"rendered":"Produtos da sociobioeconomia\u00a0 ganham destaque em festival na COP30"},"content":{"rendered":"\n<p>Um dos principais destaques do Festival de Investimento de Impacto e Neg\u00f3cios Sustent\u00e1veis da Amaz\u00f4nia (FIINSA), edi\u00e7\u00e3o especial COP30, que ser\u00e1 realizado no dia 10 de novembro, \u00e9 o Mercado Amaz\u00f4nia, espa\u00e7o que reunir\u00e1 50 marcas da floresta, com exposi\u00e7\u00e3o de produtos e servi\u00e7os. O evento acontecer\u00e1 no Centro Universit\u00e1rio do Estado do Par\u00e1 (CESUPA), Campus Alcindo Cacela 2, em Bel\u00e9m (PA).<\/p>\n","protected":false},"excerpt":{"rendered":"<p>Um dos principais destaques do Festival de Investimento de Impacto e Neg\u00f3cios Sustent\u00e1veis da Amaz\u00f4nia (FIINSA), edi\u00e7\u00e3o especial COP30, que ser\u00e1 realizado no dia 10 de novembro, \u00e9 o Mercado Amaz\u00f4nia, espa\u00e7o que reunir\u00e1  50 marcas da floresta, com exposi\u00e7\u00e3o de produtos e servi\u00e7os. O evento acontecer\u00e1 no Centro Universit\u00e1rio do Estado do Par\u00e1 (CESUPA), Campus Alcindo Cacela 2, em Bel\u00e9m (PA).<\/p>\n","protected":false},"author":226,"featured_media":88627,"comment_status":"open","ping_status":"open","sticky":false,"template":"","format":"standard","meta":{"footnotes":""},"categories":[28],"tags":[],"veiculo":[2427],"ano":[2224],"eixos":[],"class_list":["post-88479","post","type-post","status-publish","format-standard","has-post-thumbnail","hentry","category-artigo-externo","veiculo-amazonas-reporter"],"_links":{"self":[{"href":"https:\/\/concertacaoamazonia.com.br\/en\/wp-json\/wp\/v2\/posts\/88479","targetHints":{"allow":["GET"]}}],"collection":[{"href":"https:\/\/concertacaoamazonia.com.br\/en\/wp-json\/wp\/v2\/posts"}],"about":[{"href":"https:\/\/concertacaoamazonia.com.br\/en\/wp-json\/wp\/v2\/types\/post"}],"author":[{"embeddable":true,"href":"https:\/\/concertacaoamazonia.com.br\/en\/wp-json\/wp\/v2\/users\/226"}],"replies":[{"embeddable":true,"href":"https:\/\/concertacaoamazonia.com.br\/en\/wp-json\/wp\/v2\/comments?post=88479"}],"version-history":[{"count":0,"href":"https:\/\/concertacaoamazonia.com.br\/en\/wp-json\/wp\/v2\/posts\/88479\/revisions"}],"wp:featuredmedia":[{"embeddable":true,"href":"https:\/\/concertacaoamazonia.com.br\/en\/wp-json\/wp\/v2\/media\/88627"}],"wp:attachment":[{"href":"https:\/\/concertacaoamazonia.com.br\/en\/wp-json\/wp\/v2\/media?parent=88479"}],"wp:term":[{"taxonomy":"category","embeddable":true,"href":"https:\/\/concertacaoamazonia.com.br\/en\/wp-json\/wp\/v2\/categories?post=88479"},{"taxonomy":"post_tag","embeddable":true,"href":"https:\/\/concertacaoamazonia.com.br\/en\/wp-json\/wp\/v2\/tags?post=88479"},{"taxonomy":"veiculo","embeddable":true,"href":"https:\/\/concertacaoamazonia.com.br\/en\/wp-json\/wp\/v2\/veiculo?post=88479"},{"taxonomy":"ano","embeddable":true,"href":"https:\/\/concertacaoamazonia.com.br\/en\/wp-json\/wp\/v2\/ano?post=88479"},{"taxonomy":"eixos","embeddable":true,"href":"https:\/\/concertacaoamazonia.com.br\/en\/wp-json\/wp\/v2\/eixos?post=88479"}],"curies":[{"name":"wp","href":"https:\/\/api.w.org\/{rel}","templated":true}]}}