{"id":88218,"date":"2025-11-27T16:23:12","date_gmt":"2025-11-27T19:23:12","guid":{"rendered":"https:\/\/concertacaoamazonia.com.br\/?p=88218"},"modified":"2025-11-27T16:23:13","modified_gmt":"2025-11-27T19:23:13","slug":"sistemas-agricolas-tradicionais-reforcam-urgencia-de-pacto-transnacional-pela-amazonia-de-pe","status":"publish","type":"post","link":"https:\/\/concertacaoamazonia.com.br\/en\/2025\/11\/27\/sistemas-agricolas-tradicionais-reforcam-urgencia-de-pacto-transnacional-pela-amazonia-de-pe\/","title":{"rendered":"Sistemas Agr\u00edcolas Tradicionais refor\u00e7am urg\u00eancia de pacto transnacional pela Amaz\u00f4nia de p\u00e9"},"content":{"rendered":"\n<p>Saberes e pr\u00e1ticas ancestrais sustentam a biodiversidade, garantem soberania alimentar e conectam territ\u00f3rios e povos al\u00e9m dos limites dos pa\u00edses amaz\u00f4nicos<\/p>\n","protected":false},"excerpt":{"rendered":"<p>Saberes e pr\u00e1ticas ancestrais sustentam a biodiversidade, garantem soberania alimentar e conectam territ\u00f3rios e povos al\u00e9m dos limites dos pa\u00edses amaz\u00f4nicos<\/p>\n","protected":false},"author":233,"featured_media":88815,"comment_status":"open","ping_status":"open","sticky":false,"template":"","format":"standard","meta":{"footnotes":""},"categories":[28],"tags":[],"veiculo":[2118],"ano":[2224],"eixos":[],"class_list":["post-88218","post","type-post","status-publish","format-standard","has-post-thumbnail","hentry","category-artigo-externo","veiculo-instituto-socioambiental"],"_links":{"self":[{"href":"https:\/\/concertacaoamazonia.com.br\/en\/wp-json\/wp\/v2\/posts\/88218","targetHints":{"allow":["GET"]}}],"collection":[{"href":"https:\/\/concertacaoamazonia.com.br\/en\/wp-json\/wp\/v2\/posts"}],"about":[{"href":"https:\/\/concertacaoamazonia.com.br\/en\/wp-json\/wp\/v2\/types\/post"}],"author":[{"embeddable":true,"href":"https:\/\/concertacaoamazonia.com.br\/en\/wp-json\/wp\/v2\/users\/233"}],"replies":[{"embeddable":true,"href":"https:\/\/concertacaoamazonia.com.br\/en\/wp-json\/wp\/v2\/comments?post=88218"}],"version-history":[{"count":0,"href":"https:\/\/concertacaoamazonia.com.br\/en\/wp-json\/wp\/v2\/posts\/88218\/revisions"}],"wp:featuredmedia":[{"embeddable":true,"href":"https:\/\/concertacaoamazonia.com.br\/en\/wp-json\/wp\/v2\/media\/88815"}],"wp:attachment":[{"href":"https:\/\/concertacaoamazonia.com.br\/en\/wp-json\/wp\/v2\/media?parent=88218"}],"wp:term":[{"taxonomy":"category","embeddable":true,"href":"https:\/\/concertacaoamazonia.com.br\/en\/wp-json\/wp\/v2\/categories?post=88218"},{"taxonomy":"post_tag","embeddable":true,"href":"https:\/\/concertacaoamazonia.com.br\/en\/wp-json\/wp\/v2\/tags?post=88218"},{"taxonomy":"veiculo","embeddable":true,"href":"https:\/\/concertacaoamazonia.com.br\/en\/wp-json\/wp\/v2\/veiculo?post=88218"},{"taxonomy":"ano","embeddable":true,"href":"https:\/\/concertacaoamazonia.com.br\/en\/wp-json\/wp\/v2\/ano?post=88218"},{"taxonomy":"eixos","embeddable":true,"href":"https:\/\/concertacaoamazonia.com.br\/en\/wp-json\/wp\/v2\/eixos?post=88218"}],"curies":[{"name":"wp","href":"https:\/\/api.w.org\/{rel}","templated":true}]}}