{"id":87780,"date":"2025-11-10T14:19:49","date_gmt":"2025-11-10T17:19:49","guid":{"rendered":"https:\/\/concertacaoamazonia.com.br\/?p=87780"},"modified":"2026-05-02T00:05:44","modified_gmt":"2026-05-02T03:05:44","slug":"belem-tentou-devolver-vida-aos-canais-ate-a-cop30-mas-coleta-de-esgoto-nao-deslancha-na-periferia","status":"publish","type":"post","link":"https:\/\/concertacaoamazonia.com.br\/en\/2025\/11\/10\/belem-tentou-devolver-vida-aos-canais-ate-a-cop30-mas-coleta-de-esgoto-nao-deslancha-na-periferia\/","title":{"rendered":"Bel\u00e9m tentou devolver vida aos canais at\u00e9 a COP30, mas coleta de esgoto n\u00e3o deslancha na periferia"},"content":{"rendered":"\n<p>Projetos de drenagem e saneamento sofreram atrasos significativos, exclu\u00edram moradores ou acabaram abandonados<br>Capital do Par\u00e1 tem como desafio ambiental central limpar a longa rede de canais e igarap\u00e9s<\/p>\n","protected":false},"excerpt":{"rendered":"<p>Projetos de drenagem e saneamento sofreram atrasos significativos, exclu\u00edram moradores ou acabaram abandonados<br \/>\nCapital do Par\u00e1 tem como desafio ambiental central limpar a longa rede de canais e igarap\u00e9s<\/p>\n","protected":false},"author":226,"featured_media":88898,"comment_status":"closed","ping_status":"closed","sticky":false,"template":"","format":"standard","meta":{"footnotes":""},"categories":[28],"tags":[],"veiculo":[1871],"ano":[2224],"eixos":[],"class_list":["post-87780","post","type-post","status-publish","format-standard","has-post-thumbnail","hentry","category-artigo-externo","veiculo-folha-de-sao-paulo-en-2"],"_links":{"self":[{"href":"https:\/\/concertacaoamazonia.com.br\/en\/wp-json\/wp\/v2\/posts\/87780","targetHints":{"allow":["GET"]}}],"collection":[{"href":"https:\/\/concertacaoamazonia.com.br\/en\/wp-json\/wp\/v2\/posts"}],"about":[{"href":"https:\/\/concertacaoamazonia.com.br\/en\/wp-json\/wp\/v2\/types\/post"}],"author":[{"embeddable":true,"href":"https:\/\/concertacaoamazonia.com.br\/en\/wp-json\/wp\/v2\/users\/226"}],"replies":[{"embeddable":true,"href":"https:\/\/concertacaoamazonia.com.br\/en\/wp-json\/wp\/v2\/comments?post=87780"}],"version-history":[{"count":0,"href":"https:\/\/concertacaoamazonia.com.br\/en\/wp-json\/wp\/v2\/posts\/87780\/revisions"}],"wp:featuredmedia":[{"embeddable":true,"href":"https:\/\/concertacaoamazonia.com.br\/en\/wp-json\/wp\/v2\/media\/88898"}],"wp:attachment":[{"href":"https:\/\/concertacaoamazonia.com.br\/en\/wp-json\/wp\/v2\/media?parent=87780"}],"wp:term":[{"taxonomy":"category","embeddable":true,"href":"https:\/\/concertacaoamazonia.com.br\/en\/wp-json\/wp\/v2\/categories?post=87780"},{"taxonomy":"post_tag","embeddable":true,"href":"https:\/\/concertacaoamazonia.com.br\/en\/wp-json\/wp\/v2\/tags?post=87780"},{"taxonomy":"veiculo","embeddable":true,"href":"https:\/\/concertacaoamazonia.com.br\/en\/wp-json\/wp\/v2\/veiculo?post=87780"},{"taxonomy":"ano","embeddable":true,"href":"https:\/\/concertacaoamazonia.com.br\/en\/wp-json\/wp\/v2\/ano?post=87780"},{"taxonomy":"eixos","embeddable":true,"href":"https:\/\/concertacaoamazonia.com.br\/en\/wp-json\/wp\/v2\/eixos?post=87780"}],"curies":[{"name":"wp","href":"https:\/\/api.w.org\/{rel}","templated":true}]}}