{"id":87546,"date":"2025-11-03T16:31:36","date_gmt":"2025-11-03T19:31:36","guid":{"rendered":"https:\/\/concertacaoamazonia.com.br\/?p=87546"},"modified":"2026-05-02T00:06:26","modified_gmt":"2026-05-02T03:06:26","slug":"banzeiro-da-esperanca-barco-cultural-levara-liderancas-amazonicas-para-a-cop30","status":"publish","type":"post","link":"https:\/\/concertacaoamazonia.com.br\/en\/2025\/11\/03\/banzeiro-da-esperanca-barco-cultural-levara-liderancas-amazonicas-para-a-cop30\/","title":{"rendered":"\u2018Banzeiro da Esperan\u00e7a\u2019: Barco Cultural levar\u00e1 lideran\u00e7as amaz\u00f4nicas para a COP30"},"content":{"rendered":"\n<p>Barco parte de Manaus, no Amazonas, rumo a Bel\u00e9m do Par\u00e1 ouvindo comunidades ribeirinhas, ind\u00edgenas e quilombolas e mobilizando parceiros.<\/p>\n","protected":false},"excerpt":{"rendered":"<p>Barco parte de Manaus, no Amazonas, rumo a Bel\u00e9m do Par\u00e1 ouvindo comunidades ribeirinhas, ind\u00edgenas e quilombolas e mobilizando parceiros.<\/p>\n","protected":false},"author":226,"featured_media":88680,"comment_status":"closed","ping_status":"closed","sticky":false,"template":"","format":"standard","meta":{"footnotes":""},"categories":[28],"tags":[],"veiculo":[2145],"ano":[2224],"eixos":[],"class_list":["post-87546","post","type-post","status-publish","format-standard","has-post-thumbnail","hentry","category-artigo-externo","veiculo-portal-amazonia"],"_links":{"self":[{"href":"https:\/\/concertacaoamazonia.com.br\/en\/wp-json\/wp\/v2\/posts\/87546","targetHints":{"allow":["GET"]}}],"collection":[{"href":"https:\/\/concertacaoamazonia.com.br\/en\/wp-json\/wp\/v2\/posts"}],"about":[{"href":"https:\/\/concertacaoamazonia.com.br\/en\/wp-json\/wp\/v2\/types\/post"}],"author":[{"embeddable":true,"href":"https:\/\/concertacaoamazonia.com.br\/en\/wp-json\/wp\/v2\/users\/226"}],"replies":[{"embeddable":true,"href":"https:\/\/concertacaoamazonia.com.br\/en\/wp-json\/wp\/v2\/comments?post=87546"}],"version-history":[{"count":0,"href":"https:\/\/concertacaoamazonia.com.br\/en\/wp-json\/wp\/v2\/posts\/87546\/revisions"}],"wp:featuredmedia":[{"embeddable":true,"href":"https:\/\/concertacaoamazonia.com.br\/en\/wp-json\/wp\/v2\/media\/88680"}],"wp:attachment":[{"href":"https:\/\/concertacaoamazonia.com.br\/en\/wp-json\/wp\/v2\/media?parent=87546"}],"wp:term":[{"taxonomy":"category","embeddable":true,"href":"https:\/\/concertacaoamazonia.com.br\/en\/wp-json\/wp\/v2\/categories?post=87546"},{"taxonomy":"post_tag","embeddable":true,"href":"https:\/\/concertacaoamazonia.com.br\/en\/wp-json\/wp\/v2\/tags?post=87546"},{"taxonomy":"veiculo","embeddable":true,"href":"https:\/\/concertacaoamazonia.com.br\/en\/wp-json\/wp\/v2\/veiculo?post=87546"},{"taxonomy":"ano","embeddable":true,"href":"https:\/\/concertacaoamazonia.com.br\/en\/wp-json\/wp\/v2\/ano?post=87546"},{"taxonomy":"eixos","embeddable":true,"href":"https:\/\/concertacaoamazonia.com.br\/en\/wp-json\/wp\/v2\/eixos?post=87546"}],"curies":[{"name":"wp","href":"https:\/\/api.w.org\/{rel}","templated":true}]}}