{"id":82973,"date":"2025-10-13T20:22:51","date_gmt":"2025-10-13T23:22:51","guid":{"rendered":"https:\/\/concertacaoamazonia.com.br\/?p=82973"},"modified":"2026-05-02T00:07:50","modified_gmt":"2026-05-02T03:07:50","slug":"ufpa-e-oab-desenvolvem-cartilha-sobre-justica-climatica-na-amazonia","status":"publish","type":"post","link":"https:\/\/concertacaoamazonia.com.br\/en\/2025\/10\/13\/ufpa-e-oab-desenvolvem-cartilha-sobre-justica-climatica-na-amazonia\/","title":{"rendered":"UFPA e OAB desenvolvem cartilha sobre Justi\u00e7a Clim\u00e1tica na Amaz\u00f4nia"},"content":{"rendered":"\n<p>Para democratizar o acesso ao conhecimento ambiental e fortalecer uma atua\u00e7\u00e3o qualificada da advocacia, das institui\u00e7\u00f5es e da sociedade, a Universidade Federal do Par\u00e1 (UFPA), em parceria com o Grupo de Pesquisa Financiando Direitos (CNPq) e com a Ordem dos Advogados do Brasil (OAB), por meio da Comiss\u00e3o de Meio Ambiente do Par\u00e1, lan\u00e7ou a cartilha intitulada Justi\u00e7a Clim\u00e1tica na Amaz\u00f4nia \u2014 Desafios, Vulnerabilidades e Caminhos para um Futuro Sustent\u00e1vel.<\/p>\n","protected":false},"excerpt":{"rendered":"<p>Para democratizar o acesso ao conhecimento ambiental e fortalecer uma atua\u00e7\u00e3o qualificada da advocacia, das institui\u00e7\u00f5es e da sociedade, a Universidade Federal do Par\u00e1 (UFPA), em parceria com o Grupo de Pesquisa Financiando Direitos (CNPq) e com a Ordem dos Advogados do Brasil (OAB),  por meio da Comiss\u00e3o de Meio Ambiente do Par\u00e1, lan\u00e7ou a cartilha intitulada Justi\u00e7a Clim\u00e1tica na Amaz\u00f4nia \u2014 Desafios, Vulnerabilidades e Caminhos para um Futuro Sustent\u00e1vel.<\/p>\n","protected":false},"author":226,"featured_media":82974,"comment_status":"closed","ping_status":"closed","sticky":false,"template":"","format":"standard","meta":{"footnotes":""},"categories":[28],"tags":[],"veiculo":[2060],"ano":[2224],"eixos":[],"class_list":["post-82973","post","type-post","status-publish","format-standard","has-post-thumbnail","hentry","category-artigo-externo","veiculo-ufpa"],"_links":{"self":[{"href":"https:\/\/concertacaoamazonia.com.br\/en\/wp-json\/wp\/v2\/posts\/82973","targetHints":{"allow":["GET"]}}],"collection":[{"href":"https:\/\/concertacaoamazonia.com.br\/en\/wp-json\/wp\/v2\/posts"}],"about":[{"href":"https:\/\/concertacaoamazonia.com.br\/en\/wp-json\/wp\/v2\/types\/post"}],"author":[{"embeddable":true,"href":"https:\/\/concertacaoamazonia.com.br\/en\/wp-json\/wp\/v2\/users\/226"}],"replies":[{"embeddable":true,"href":"https:\/\/concertacaoamazonia.com.br\/en\/wp-json\/wp\/v2\/comments?post=82973"}],"version-history":[{"count":0,"href":"https:\/\/concertacaoamazonia.com.br\/en\/wp-json\/wp\/v2\/posts\/82973\/revisions"}],"wp:featuredmedia":[{"embeddable":true,"href":"https:\/\/concertacaoamazonia.com.br\/en\/wp-json\/wp\/v2\/media\/82974"}],"wp:attachment":[{"href":"https:\/\/concertacaoamazonia.com.br\/en\/wp-json\/wp\/v2\/media?parent=82973"}],"wp:term":[{"taxonomy":"category","embeddable":true,"href":"https:\/\/concertacaoamazonia.com.br\/en\/wp-json\/wp\/v2\/categories?post=82973"},{"taxonomy":"post_tag","embeddable":true,"href":"https:\/\/concertacaoamazonia.com.br\/en\/wp-json\/wp\/v2\/tags?post=82973"},{"taxonomy":"veiculo","embeddable":true,"href":"https:\/\/concertacaoamazonia.com.br\/en\/wp-json\/wp\/v2\/veiculo?post=82973"},{"taxonomy":"ano","embeddable":true,"href":"https:\/\/concertacaoamazonia.com.br\/en\/wp-json\/wp\/v2\/ano?post=82973"},{"taxonomy":"eixos","embeddable":true,"href":"https:\/\/concertacaoamazonia.com.br\/en\/wp-json\/wp\/v2\/eixos?post=82973"}],"curies":[{"name":"wp","href":"https:\/\/api.w.org\/{rel}","templated":true}]}}