{"id":82957,"date":"2025-10-10T16:16:16","date_gmt":"2025-10-10T19:16:16","guid":{"rendered":"https:\/\/concertacaoamazonia.com.br\/?p=82957"},"modified":"2026-05-02T00:07:51","modified_gmt":"2026-05-02T03:07:51","slug":"sem-saber-indigena-produz-cafe-raro-na-amazonia-e-bate-recorde","status":"publish","type":"post","link":"https:\/\/concertacaoamazonia.com.br\/en\/2025\/10\/10\/sem-saber-indigena-produz-cafe-raro-na-amazonia-e-bate-recorde\/","title":{"rendered":"Sem saber, ind\u00edgena produz caf\u00e9 raro na Amaz\u00f4nia e bate recorde"},"content":{"rendered":"\n<p>Rafael Mopimop Suru\u00ed costuma tomar caf\u00e9 com a\u00e7\u00facar e ficou surpreso ao saber de nota hist\u00f3rica<br>Gr\u00e3o chega ao mercado em embalagem de colecionador por R$ 599<\/p>\n","protected":false},"excerpt":{"rendered":"<p>Rafael Mopimop Suru\u00ed costuma tomar caf\u00e9 com a\u00e7\u00facar e ficou surpreso ao saber de nota hist\u00f3rica<br \/>\nGr\u00e3o chega ao mercado em embalagem de colecionador por R$ 599<\/p>\n","protected":false},"author":226,"featured_media":82958,"comment_status":"closed","ping_status":"closed","sticky":false,"template":"","format":"standard","meta":{"footnotes":""},"categories":[28],"tags":[],"veiculo":[1871],"ano":[2224],"eixos":[],"class_list":["post-82957","post","type-post","status-publish","format-standard","has-post-thumbnail","hentry","category-artigo-externo","veiculo-folha-de-sao-paulo-en-2"],"_links":{"self":[{"href":"https:\/\/concertacaoamazonia.com.br\/en\/wp-json\/wp\/v2\/posts\/82957","targetHints":{"allow":["GET"]}}],"collection":[{"href":"https:\/\/concertacaoamazonia.com.br\/en\/wp-json\/wp\/v2\/posts"}],"about":[{"href":"https:\/\/concertacaoamazonia.com.br\/en\/wp-json\/wp\/v2\/types\/post"}],"author":[{"embeddable":true,"href":"https:\/\/concertacaoamazonia.com.br\/en\/wp-json\/wp\/v2\/users\/226"}],"replies":[{"embeddable":true,"href":"https:\/\/concertacaoamazonia.com.br\/en\/wp-json\/wp\/v2\/comments?post=82957"}],"version-history":[{"count":0,"href":"https:\/\/concertacaoamazonia.com.br\/en\/wp-json\/wp\/v2\/posts\/82957\/revisions"}],"wp:featuredmedia":[{"embeddable":true,"href":"https:\/\/concertacaoamazonia.com.br\/en\/wp-json\/wp\/v2\/media\/82958"}],"wp:attachment":[{"href":"https:\/\/concertacaoamazonia.com.br\/en\/wp-json\/wp\/v2\/media?parent=82957"}],"wp:term":[{"taxonomy":"category","embeddable":true,"href":"https:\/\/concertacaoamazonia.com.br\/en\/wp-json\/wp\/v2\/categories?post=82957"},{"taxonomy":"post_tag","embeddable":true,"href":"https:\/\/concertacaoamazonia.com.br\/en\/wp-json\/wp\/v2\/tags?post=82957"},{"taxonomy":"veiculo","embeddable":true,"href":"https:\/\/concertacaoamazonia.com.br\/en\/wp-json\/wp\/v2\/veiculo?post=82957"},{"taxonomy":"ano","embeddable":true,"href":"https:\/\/concertacaoamazonia.com.br\/en\/wp-json\/wp\/v2\/ano?post=82957"},{"taxonomy":"eixos","embeddable":true,"href":"https:\/\/concertacaoamazonia.com.br\/en\/wp-json\/wp\/v2\/eixos?post=82957"}],"curies":[{"name":"wp","href":"https:\/\/api.w.org\/{rel}","templated":true}]}}