{"id":82953,"date":"2025-10-10T15:55:37","date_gmt":"2025-10-10T18:55:37","guid":{"rendered":"https:\/\/concertacaoamazonia.com.br\/?p=82953"},"modified":"2026-05-02T00:07:52","modified_gmt":"2026-05-02T03:07:52","slug":"apos-quatro-anos-paralisado-fundo-amazonia-volta-a-cena-e-acelera-tanto-captacoes-quanto-concessoes","status":"publish","type":"post","link":"https:\/\/concertacaoamazonia.com.br\/en\/2025\/10\/10\/apos-quatro-anos-paralisado-fundo-amazonia-volta-a-cena-e-acelera-tanto-captacoes-quanto-concessoes\/","title":{"rendered":"Ap\u00f3s quatro anos paralisado, Fundo Amaz\u00f4nia volta \u00e0 cena e acelera tanto capta\u00e7\u00f5es quanto concess\u00f5es"},"content":{"rendered":"\n<p>Gerido pelo BNDES, instrumento financeiro apoia projetos a fundo perdido<br><\/p>\n","protected":false},"excerpt":{"rendered":"<p>Gerido pelo BNDES, instrumento financeiro apoia projetos a fundo perdido<\/p>\n","protected":false},"author":226,"featured_media":82954,"comment_status":"closed","ping_status":"closed","sticky":false,"template":"","format":"standard","meta":{"footnotes":""},"categories":[28],"tags":[],"veiculo":[724],"ano":[2224],"eixos":[],"class_list":["post-82953","post","type-post","status-publish","format-standard","has-post-thumbnail","hentry","category-artigo-externo","veiculo-o-globo"],"_links":{"self":[{"href":"https:\/\/concertacaoamazonia.com.br\/en\/wp-json\/wp\/v2\/posts\/82953","targetHints":{"allow":["GET"]}}],"collection":[{"href":"https:\/\/concertacaoamazonia.com.br\/en\/wp-json\/wp\/v2\/posts"}],"about":[{"href":"https:\/\/concertacaoamazonia.com.br\/en\/wp-json\/wp\/v2\/types\/post"}],"author":[{"embeddable":true,"href":"https:\/\/concertacaoamazonia.com.br\/en\/wp-json\/wp\/v2\/users\/226"}],"replies":[{"embeddable":true,"href":"https:\/\/concertacaoamazonia.com.br\/en\/wp-json\/wp\/v2\/comments?post=82953"}],"version-history":[{"count":0,"href":"https:\/\/concertacaoamazonia.com.br\/en\/wp-json\/wp\/v2\/posts\/82953\/revisions"}],"wp:featuredmedia":[{"embeddable":true,"href":"https:\/\/concertacaoamazonia.com.br\/en\/wp-json\/wp\/v2\/media\/82954"}],"wp:attachment":[{"href":"https:\/\/concertacaoamazonia.com.br\/en\/wp-json\/wp\/v2\/media?parent=82953"}],"wp:term":[{"taxonomy":"category","embeddable":true,"href":"https:\/\/concertacaoamazonia.com.br\/en\/wp-json\/wp\/v2\/categories?post=82953"},{"taxonomy":"post_tag","embeddable":true,"href":"https:\/\/concertacaoamazonia.com.br\/en\/wp-json\/wp\/v2\/tags?post=82953"},{"taxonomy":"veiculo","embeddable":true,"href":"https:\/\/concertacaoamazonia.com.br\/en\/wp-json\/wp\/v2\/veiculo?post=82953"},{"taxonomy":"ano","embeddable":true,"href":"https:\/\/concertacaoamazonia.com.br\/en\/wp-json\/wp\/v2\/ano?post=82953"},{"taxonomy":"eixos","embeddable":true,"href":"https:\/\/concertacaoamazonia.com.br\/en\/wp-json\/wp\/v2\/eixos?post=82953"}],"curies":[{"name":"wp","href":"https:\/\/api.w.org\/{rel}","templated":true}]}}