{"id":82875,"date":"2025-10-06T13:16:12","date_gmt":"2025-10-06T16:16:12","guid":{"rendered":"https:\/\/concertacaoamazonia.com.br\/?p=82875"},"modified":"2026-05-02T00:07:57","modified_gmt":"2026-05-02T03:07:57","slug":"amazonia-esta-passando-por-um-rapido-e-alarmante-aumento-dos-eventos-climaticos-extremos","status":"publish","type":"post","link":"https:\/\/concertacaoamazonia.com.br\/en\/2025\/10\/06\/amazonia-esta-passando-por-um-rapido-e-alarmante-aumento-dos-eventos-climaticos-extremos\/","title":{"rendered":"Amaz\u00f4nia est\u00e1 passando por um r\u00e1pido e \u201calarmante\u201d aumento dos eventos clim\u00e1ticos extremos"},"content":{"rendered":"\n<p>Regi\u00e3o centro-norte da Amaz\u00f4nia, antes vista como menos vulner\u00e1vel, j\u00e1 enfrenta impactos crescentes das mudan\u00e7as clim\u00e1ticas<\/p>\n","protected":false},"excerpt":{"rendered":"<p>Regi\u00e3o centro-norte da Amaz\u00f4nia, antes vista como menos vulner\u00e1vel, j\u00e1 enfrenta impactos crescentes das mudan\u00e7as clim\u00e1ticas<\/p>\n","protected":false},"author":226,"featured_media":82876,"comment_status":"closed","ping_status":"closed","sticky":false,"template":"","format":"standard","meta":{"footnotes":""},"categories":[28],"tags":[],"veiculo":[2112],"ano":[2224],"eixos":[],"class_list":["post-82875","post","type-post","status-publish","format-standard","has-post-thumbnail","hentry","category-artigo-externo","veiculo-wwf"],"_links":{"self":[{"href":"https:\/\/concertacaoamazonia.com.br\/en\/wp-json\/wp\/v2\/posts\/82875","targetHints":{"allow":["GET"]}}],"collection":[{"href":"https:\/\/concertacaoamazonia.com.br\/en\/wp-json\/wp\/v2\/posts"}],"about":[{"href":"https:\/\/concertacaoamazonia.com.br\/en\/wp-json\/wp\/v2\/types\/post"}],"author":[{"embeddable":true,"href":"https:\/\/concertacaoamazonia.com.br\/en\/wp-json\/wp\/v2\/users\/226"}],"replies":[{"embeddable":true,"href":"https:\/\/concertacaoamazonia.com.br\/en\/wp-json\/wp\/v2\/comments?post=82875"}],"version-history":[{"count":0,"href":"https:\/\/concertacaoamazonia.com.br\/en\/wp-json\/wp\/v2\/posts\/82875\/revisions"}],"wp:featuredmedia":[{"embeddable":true,"href":"https:\/\/concertacaoamazonia.com.br\/en\/wp-json\/wp\/v2\/media\/82876"}],"wp:attachment":[{"href":"https:\/\/concertacaoamazonia.com.br\/en\/wp-json\/wp\/v2\/media?parent=82875"}],"wp:term":[{"taxonomy":"category","embeddable":true,"href":"https:\/\/concertacaoamazonia.com.br\/en\/wp-json\/wp\/v2\/categories?post=82875"},{"taxonomy":"post_tag","embeddable":true,"href":"https:\/\/concertacaoamazonia.com.br\/en\/wp-json\/wp\/v2\/tags?post=82875"},{"taxonomy":"veiculo","embeddable":true,"href":"https:\/\/concertacaoamazonia.com.br\/en\/wp-json\/wp\/v2\/veiculo?post=82875"},{"taxonomy":"ano","embeddable":true,"href":"https:\/\/concertacaoamazonia.com.br\/en\/wp-json\/wp\/v2\/ano?post=82875"},{"taxonomy":"eixos","embeddable":true,"href":"https:\/\/concertacaoamazonia.com.br\/en\/wp-json\/wp\/v2\/eixos?post=82875"}],"curies":[{"name":"wp","href":"https:\/\/api.w.org\/{rel}","templated":true}]}}