{"id":82508,"date":"2025-09-11T13:09:05","date_gmt":"2025-09-11T16:09:05","guid":{"rendered":"https:\/\/concertacaoamazonia.com.br\/?p=82508"},"modified":"2026-05-02T00:08:38","modified_gmt":"2026-05-02T03:08:38","slug":"bndes-e-mma-anunciam-em-manaus-novos-investimentos-do-fundo-amazonia","status":"publish","type":"post","link":"https:\/\/concertacaoamazonia.com.br\/en\/2025\/09\/11\/bndes-e-mma-anunciam-em-manaus-novos-investimentos-do-fundo-amazonia\/","title":{"rendered":"BNDES e MMA anunciam em Manaus novos investimentos do Fundo Amaz\u00f4nia"},"content":{"rendered":"\n<p>Pacote de an\u00fancios inclui R$ 150 milh\u00f5es para fortalecer a gest\u00e3o ambiental de munic\u00edpios amaz\u00f4nicos, mais R$ 79 milh\u00f5es para restaura\u00e7\u00e3o florestal e R$ 14 milh\u00f5es para acesso \u00e0 \u00e1gua no Amazonas<\/p>\n","protected":false},"excerpt":{"rendered":"<p>Pacote de an\u00fancios inclui R$ 150 milh\u00f5es para fortalecer a gest\u00e3o ambiental de munic\u00edpios amaz\u00f4nicos, mais R$ 79 milh\u00f5es para restaura\u00e7\u00e3o florestal e R$ 14 milh\u00f5es para acesso \u00e0 \u00e1gua no Amazonas<\/p>\n","protected":false},"author":226,"featured_media":82509,"comment_status":"closed","ping_status":"closed","sticky":false,"template":"","format":"standard","meta":{"footnotes":""},"categories":[28],"tags":[],"veiculo":[1550],"ano":[2224],"eixos":[],"class_list":["post-82508","post","type-post","status-publish","format-standard","has-post-thumbnail","hentry","category-artigo-externo","veiculo-bndes"],"_links":{"self":[{"href":"https:\/\/concertacaoamazonia.com.br\/en\/wp-json\/wp\/v2\/posts\/82508","targetHints":{"allow":["GET"]}}],"collection":[{"href":"https:\/\/concertacaoamazonia.com.br\/en\/wp-json\/wp\/v2\/posts"}],"about":[{"href":"https:\/\/concertacaoamazonia.com.br\/en\/wp-json\/wp\/v2\/types\/post"}],"author":[{"embeddable":true,"href":"https:\/\/concertacaoamazonia.com.br\/en\/wp-json\/wp\/v2\/users\/226"}],"replies":[{"embeddable":true,"href":"https:\/\/concertacaoamazonia.com.br\/en\/wp-json\/wp\/v2\/comments?post=82508"}],"version-history":[{"count":0,"href":"https:\/\/concertacaoamazonia.com.br\/en\/wp-json\/wp\/v2\/posts\/82508\/revisions"}],"wp:featuredmedia":[{"embeddable":true,"href":"https:\/\/concertacaoamazonia.com.br\/en\/wp-json\/wp\/v2\/media\/82509"}],"wp:attachment":[{"href":"https:\/\/concertacaoamazonia.com.br\/en\/wp-json\/wp\/v2\/media?parent=82508"}],"wp:term":[{"taxonomy":"category","embeddable":true,"href":"https:\/\/concertacaoamazonia.com.br\/en\/wp-json\/wp\/v2\/categories?post=82508"},{"taxonomy":"post_tag","embeddable":true,"href":"https:\/\/concertacaoamazonia.com.br\/en\/wp-json\/wp\/v2\/tags?post=82508"},{"taxonomy":"veiculo","embeddable":true,"href":"https:\/\/concertacaoamazonia.com.br\/en\/wp-json\/wp\/v2\/veiculo?post=82508"},{"taxonomy":"ano","embeddable":true,"href":"https:\/\/concertacaoamazonia.com.br\/en\/wp-json\/wp\/v2\/ano?post=82508"},{"taxonomy":"eixos","embeddable":true,"href":"https:\/\/concertacaoamazonia.com.br\/en\/wp-json\/wp\/v2\/eixos?post=82508"}],"curies":[{"name":"wp","href":"https:\/\/api.w.org\/{rel}","templated":true}]}}