{"id":82192,"date":"2025-09-04T14:41:53","date_gmt":"2025-09-04T17:41:53","guid":{"rendered":"https:\/\/concertacaoamazonia.com.br\/?p=82192"},"modified":"2026-05-02T00:09:03","modified_gmt":"2026-05-02T03:09:03","slug":"acoes-de-desintrusao-fazem-garimpo-recuar-nas-maiores-terras-indigenas-da-amazonia","status":"publish","type":"post","link":"https:\/\/concertacaoamazonia.com.br\/en\/2025\/09\/04\/acoes-de-desintrusao-fazem-garimpo-recuar-nas-maiores-terras-indigenas-da-amazonia\/","title":{"rendered":"A\u00e7\u00f5es de desintrus\u00e3o fazem garimpo recuar nas maiores Terras Ind\u00edgenas da Amaz\u00f4nia"},"content":{"rendered":"\n<p>Segundo monitoramento do Greenpeace Brasil, territ\u00f3rio Yanomami apresenta o melhor resultado, com 8,16 hectares de desmatamento para explora\u00e7\u00e3o ilegal de ouro no per\u00edodo;<\/p>\n","protected":false},"excerpt":{"rendered":"<p>Segundo monitoramento do Greenpeace Brasil, territ\u00f3rio Yanomami apresenta o melhor resultado, com 8,16 hectares de desmatamento para explora\u00e7\u00e3o ilegal de ouro no per\u00edodo;<\/p>\n","protected":false},"author":226,"featured_media":82176,"comment_status":"closed","ping_status":"closed","sticky":false,"template":"","format":"standard","meta":{"footnotes":""},"categories":[28],"tags":[],"veiculo":[2164],"ano":[2224],"eixos":[],"class_list":["post-82192","post","type-post","status-publish","format-standard","has-post-thumbnail","hentry","category-artigo-externo","veiculo-greenpeace"],"_links":{"self":[{"href":"https:\/\/concertacaoamazonia.com.br\/en\/wp-json\/wp\/v2\/posts\/82192","targetHints":{"allow":["GET"]}}],"collection":[{"href":"https:\/\/concertacaoamazonia.com.br\/en\/wp-json\/wp\/v2\/posts"}],"about":[{"href":"https:\/\/concertacaoamazonia.com.br\/en\/wp-json\/wp\/v2\/types\/post"}],"author":[{"embeddable":true,"href":"https:\/\/concertacaoamazonia.com.br\/en\/wp-json\/wp\/v2\/users\/226"}],"replies":[{"embeddable":true,"href":"https:\/\/concertacaoamazonia.com.br\/en\/wp-json\/wp\/v2\/comments?post=82192"}],"version-history":[{"count":0,"href":"https:\/\/concertacaoamazonia.com.br\/en\/wp-json\/wp\/v2\/posts\/82192\/revisions"}],"wp:featuredmedia":[{"embeddable":true,"href":"https:\/\/concertacaoamazonia.com.br\/en\/wp-json\/wp\/v2\/media\/82176"}],"wp:attachment":[{"href":"https:\/\/concertacaoamazonia.com.br\/en\/wp-json\/wp\/v2\/media?parent=82192"}],"wp:term":[{"taxonomy":"category","embeddable":true,"href":"https:\/\/concertacaoamazonia.com.br\/en\/wp-json\/wp\/v2\/categories?post=82192"},{"taxonomy":"post_tag","embeddable":true,"href":"https:\/\/concertacaoamazonia.com.br\/en\/wp-json\/wp\/v2\/tags?post=82192"},{"taxonomy":"veiculo","embeddable":true,"href":"https:\/\/concertacaoamazonia.com.br\/en\/wp-json\/wp\/v2\/veiculo?post=82192"},{"taxonomy":"ano","embeddable":true,"href":"https:\/\/concertacaoamazonia.com.br\/en\/wp-json\/wp\/v2\/ano?post=82192"},{"taxonomy":"eixos","embeddable":true,"href":"https:\/\/concertacaoamazonia.com.br\/en\/wp-json\/wp\/v2\/eixos?post=82192"}],"curies":[{"name":"wp","href":"https:\/\/api.w.org\/{rel}","templated":true}]}}