{"id":81934,"date":"2025-09-01T11:04:37","date_gmt":"2025-09-01T14:04:37","guid":{"rendered":"https:\/\/concertacaoamazonia.com.br\/?p=81934"},"modified":"2025-09-01T11:05:46","modified_gmt":"2025-09-01T14:05:46","slug":"lideres-da-amazonia-buscam-alinhar-discurso-antes-da-cop30-mas-divisao-interna-ameaca-avancos","status":"publish","type":"post","link":"https:\/\/concertacaoamazonia.com.br\/en\/2025\/09\/01\/lideres-da-amazonia-buscam-alinhar-discurso-antes-da-cop30-mas-divisao-interna-ameaca-avancos\/","title":{"rendered":"L\u00edderes da Amaz\u00f4nia buscam alinhar discurso antes da COP30, mas divis\u00e3o interna amea\u00e7a avan\u00e7os"},"content":{"rendered":"\n<p>Encontro exp\u00f5e divis\u00f5es sobre petr\u00f3leo e desmatamento; Brasil aposta na COP30 em Bel\u00e9m para projetar lideran\u00e7a clim\u00e1tica<\/p>\n","protected":false},"excerpt":{"rendered":"<p>Encontro exp\u00f5e divis\u00f5es sobre petr\u00f3leo e desmatamento; Brasil aposta na COP30 em Bel\u00e9m para projetar lideran\u00e7a clim\u00e1tica<\/p>\n","protected":false},"author":226,"featured_media":81914,"comment_status":"open","ping_status":"open","sticky":false,"template":"","format":"standard","meta":{"footnotes":""},"categories":[28],"tags":[],"veiculo":[734],"ano":[2224],"eixos":[],"class_list":["post-81934","post","type-post","status-publish","format-standard","has-post-thumbnail","hentry","category-artigo-externo","veiculo-veja"],"_links":{"self":[{"href":"https:\/\/concertacaoamazonia.com.br\/en\/wp-json\/wp\/v2\/posts\/81934","targetHints":{"allow":["GET"]}}],"collection":[{"href":"https:\/\/concertacaoamazonia.com.br\/en\/wp-json\/wp\/v2\/posts"}],"about":[{"href":"https:\/\/concertacaoamazonia.com.br\/en\/wp-json\/wp\/v2\/types\/post"}],"author":[{"embeddable":true,"href":"https:\/\/concertacaoamazonia.com.br\/en\/wp-json\/wp\/v2\/users\/226"}],"replies":[{"embeddable":true,"href":"https:\/\/concertacaoamazonia.com.br\/en\/wp-json\/wp\/v2\/comments?post=81934"}],"version-history":[{"count":0,"href":"https:\/\/concertacaoamazonia.com.br\/en\/wp-json\/wp\/v2\/posts\/81934\/revisions"}],"wp:featuredmedia":[{"embeddable":true,"href":"https:\/\/concertacaoamazonia.com.br\/en\/wp-json\/wp\/v2\/media\/81914"}],"wp:attachment":[{"href":"https:\/\/concertacaoamazonia.com.br\/en\/wp-json\/wp\/v2\/media?parent=81934"}],"wp:term":[{"taxonomy":"category","embeddable":true,"href":"https:\/\/concertacaoamazonia.com.br\/en\/wp-json\/wp\/v2\/categories?post=81934"},{"taxonomy":"post_tag","embeddable":true,"href":"https:\/\/concertacaoamazonia.com.br\/en\/wp-json\/wp\/v2\/tags?post=81934"},{"taxonomy":"veiculo","embeddable":true,"href":"https:\/\/concertacaoamazonia.com.br\/en\/wp-json\/wp\/v2\/veiculo?post=81934"},{"taxonomy":"ano","embeddable":true,"href":"https:\/\/concertacaoamazonia.com.br\/en\/wp-json\/wp\/v2\/ano?post=81934"},{"taxonomy":"eixos","embeddable":true,"href":"https:\/\/concertacaoamazonia.com.br\/en\/wp-json\/wp\/v2\/eixos?post=81934"}],"curies":[{"name":"wp","href":"https:\/\/api.w.org\/{rel}","templated":true}]}}