{"id":81238,"date":"2025-08-19T10:59:44","date_gmt":"2025-08-19T13:59:44","guid":{"rendered":"https:\/\/concertacaoamazonia.com.br\/?p=81238"},"modified":"2025-08-19T11:04:17","modified_gmt":"2025-08-19T14:04:17","slug":"estudo-inedito-mapeia-159-mecanismos-de-financiamento-para-a-bioeconomia-na-amazonia-legal","status":"publish","type":"post","link":"https:\/\/concertacaoamazonia.com.br\/en\/2025\/08\/19\/estudo-inedito-mapeia-159-mecanismos-de-financiamento-para-a-bioeconomia-na-amazonia-legal\/","title":{"rendered":"Estudo in\u00e9dito mapeia 159 mecanismos de financiamento para a bioeconomia na Amaz\u00f4nia Legal"},"content":{"rendered":"\n<p>O estudo mapeou 159 mecanismos financeiros e 111 institui\u00e7\u00f5es que atuam na regi\u00e3o amaz\u00f4nica.<\/p>\n","protected":false},"excerpt":{"rendered":"<p>O estudo mapeou 159 mecanismos financeiros e 111 institui\u00e7\u00f5es que atuam na regi\u00e3o amaz\u00f4nica.<\/p>\n","protected":false},"author":226,"featured_media":81239,"comment_status":"open","ping_status":"open","sticky":false,"template":"","format":"standard","meta":{"footnotes":""},"categories":[28],"tags":[],"veiculo":[2145],"ano":[2224],"eixos":[],"class_list":["post-81238","post","type-post","status-publish","format-standard","has-post-thumbnail","hentry","category-artigo-externo","veiculo-portal-amazonia"],"_links":{"self":[{"href":"https:\/\/concertacaoamazonia.com.br\/en\/wp-json\/wp\/v2\/posts\/81238","targetHints":{"allow":["GET"]}}],"collection":[{"href":"https:\/\/concertacaoamazonia.com.br\/en\/wp-json\/wp\/v2\/posts"}],"about":[{"href":"https:\/\/concertacaoamazonia.com.br\/en\/wp-json\/wp\/v2\/types\/post"}],"author":[{"embeddable":true,"href":"https:\/\/concertacaoamazonia.com.br\/en\/wp-json\/wp\/v2\/users\/226"}],"replies":[{"embeddable":true,"href":"https:\/\/concertacaoamazonia.com.br\/en\/wp-json\/wp\/v2\/comments?post=81238"}],"version-history":[{"count":0,"href":"https:\/\/concertacaoamazonia.com.br\/en\/wp-json\/wp\/v2\/posts\/81238\/revisions"}],"wp:featuredmedia":[{"embeddable":true,"href":"https:\/\/concertacaoamazonia.com.br\/en\/wp-json\/wp\/v2\/media\/81239"}],"wp:attachment":[{"href":"https:\/\/concertacaoamazonia.com.br\/en\/wp-json\/wp\/v2\/media?parent=81238"}],"wp:term":[{"taxonomy":"category","embeddable":true,"href":"https:\/\/concertacaoamazonia.com.br\/en\/wp-json\/wp\/v2\/categories?post=81238"},{"taxonomy":"post_tag","embeddable":true,"href":"https:\/\/concertacaoamazonia.com.br\/en\/wp-json\/wp\/v2\/tags?post=81238"},{"taxonomy":"veiculo","embeddable":true,"href":"https:\/\/concertacaoamazonia.com.br\/en\/wp-json\/wp\/v2\/veiculo?post=81238"},{"taxonomy":"ano","embeddable":true,"href":"https:\/\/concertacaoamazonia.com.br\/en\/wp-json\/wp\/v2\/ano?post=81238"},{"taxonomy":"eixos","embeddable":true,"href":"https:\/\/concertacaoamazonia.com.br\/en\/wp-json\/wp\/v2\/eixos?post=81238"}],"curies":[{"name":"wp","href":"https:\/\/api.w.org\/{rel}","templated":true}]}}