{"id":80260,"date":"2025-07-31T15:23:14","date_gmt":"2025-07-31T18:23:14","guid":{"rendered":"https:\/\/concertacaoamazonia.com.br\/?p=80128"},"modified":"2025-07-31T15:23:14","modified_gmt":"2025-07-31T18:23:14","slug":"the-guardian-revela-atuacao-de-grupos-evangelicos-em-areas-indigenas-protegidas-da-amazonia","status":"publish","type":"post","link":"https:\/\/concertacaoamazonia.com.br\/en\/2025\/07\/31\/the-guardian-revela-atuacao-de-grupos-evangelicos-em-areas-indigenas-protegidas-da-amazonia\/","title":{"rendered":"The Guardian revela atua\u00e7\u00e3o de grupos evang\u00e9licos em \u00e1reas ind\u00edgenas protegidas da Amaz\u00f4nia"},"content":{"rendered":"\n<p>Uma investiga\u00e7\u00e3o conjunta do jornal&nbsp;<em>The Guardian<\/em>&nbsp;e do&nbsp;<em>O Globo<\/em>&nbsp;revelou que grupos mission\u00e1rios est\u00e3o utilizando dispositivos de \u00e1udio em territ\u00f3rios protegidos da floresta amaz\u00f4nica para evangelizar povos ind\u00edgenas isolados, desrespeitando protocolos de prote\u00e7\u00e3o.<\/p>\n","protected":false},"excerpt":{"rendered":"<p>Uma investiga\u00e7\u00e3o conjunta do jornal The Guardian e do O Globo revelou que grupos mission\u00e1rios est\u00e3o utilizando dispositivos de \u00e1udio em territ\u00f3rios protegidos da floresta amaz\u00f4nica para evangelizar povos ind\u00edgenas isolados, desrespeitando protocolos de prote\u00e7\u00e3o.<\/p>\n","protected":false},"author":226,"featured_media":80232,"comment_status":"open","ping_status":"open","sticky":false,"template":"","format":"standard","meta":{"footnotes":""},"categories":[28],"tags":[],"veiculo":[2381],"ano":[2224],"eixos":[],"class_list":["post-80260","post","type-post","status-publish","format-standard","has-post-thumbnail","hentry","category-artigo-externo","veiculo-focus-brasil"],"_links":{"self":[{"href":"https:\/\/concertacaoamazonia.com.br\/en\/wp-json\/wp\/v2\/posts\/80260","targetHints":{"allow":["GET"]}}],"collection":[{"href":"https:\/\/concertacaoamazonia.com.br\/en\/wp-json\/wp\/v2\/posts"}],"about":[{"href":"https:\/\/concertacaoamazonia.com.br\/en\/wp-json\/wp\/v2\/types\/post"}],"author":[{"embeddable":true,"href":"https:\/\/concertacaoamazonia.com.br\/en\/wp-json\/wp\/v2\/users\/226"}],"replies":[{"embeddable":true,"href":"https:\/\/concertacaoamazonia.com.br\/en\/wp-json\/wp\/v2\/comments?post=80260"}],"version-history":[{"count":0,"href":"https:\/\/concertacaoamazonia.com.br\/en\/wp-json\/wp\/v2\/posts\/80260\/revisions"}],"wp:featuredmedia":[{"embeddable":true,"href":"https:\/\/concertacaoamazonia.com.br\/en\/wp-json\/wp\/v2\/media\/80232"}],"wp:attachment":[{"href":"https:\/\/concertacaoamazonia.com.br\/en\/wp-json\/wp\/v2\/media?parent=80260"}],"wp:term":[{"taxonomy":"category","embeddable":true,"href":"https:\/\/concertacaoamazonia.com.br\/en\/wp-json\/wp\/v2\/categories?post=80260"},{"taxonomy":"post_tag","embeddable":true,"href":"https:\/\/concertacaoamazonia.com.br\/en\/wp-json\/wp\/v2\/tags?post=80260"},{"taxonomy":"veiculo","embeddable":true,"href":"https:\/\/concertacaoamazonia.com.br\/en\/wp-json\/wp\/v2\/veiculo?post=80260"},{"taxonomy":"ano","embeddable":true,"href":"https:\/\/concertacaoamazonia.com.br\/en\/wp-json\/wp\/v2\/ano?post=80260"},{"taxonomy":"eixos","embeddable":true,"href":"https:\/\/concertacaoamazonia.com.br\/en\/wp-json\/wp\/v2\/eixos?post=80260"}],"curies":[{"name":"wp","href":"https:\/\/api.w.org\/{rel}","templated":true}]}}