{"id":80192,"date":"2025-08-05T09:49:39","date_gmt":"2025-08-05T12:49:39","guid":{"rendered":"https:\/\/concertacaoamazonia.com.br\/?p=80192"},"modified":"2025-08-19T11:04:17","modified_gmt":"2025-08-19T14:04:17","slug":"estudo-revela-queda-de-18-no-desmatamento-da-amazonia-em-junho","status":"publish","type":"post","link":"https:\/\/concertacaoamazonia.com.br\/en\/2025\/08\/05\/estudo-revela-queda-de-18-no-desmatamento-da-amazonia-em-junho\/","title":{"rendered":"Estudo revela queda de 18% no desmatamento da Amaz\u00f4nia em junho"},"content":{"rendered":"\n<p>Apesar do recuo no \u00faltimo m\u00eas, instituto Imazon alerta que a tend\u00eancia do desmatamento na Amaz\u00f4nia segue em alta<\/p>\n","protected":false},"excerpt":{"rendered":"<p>Apesar do recuo no \u00faltimo m\u00eas, instituto Imazon alerta que a tend\u00eancia do desmatamento na Amaz\u00f4nia segue em alta<\/p>\n","protected":false},"author":226,"featured_media":80184,"comment_status":"open","ping_status":"open","sticky":false,"template":"","format":"standard","meta":{"footnotes":""},"categories":[28],"tags":[],"veiculo":[1864],"ano":[2224],"eixos":[],"class_list":["post-80192","post","type-post","status-publish","format-standard","has-post-thumbnail","hentry","category-artigo-externo","veiculo-metropoles"],"_links":{"self":[{"href":"https:\/\/concertacaoamazonia.com.br\/en\/wp-json\/wp\/v2\/posts\/80192","targetHints":{"allow":["GET"]}}],"collection":[{"href":"https:\/\/concertacaoamazonia.com.br\/en\/wp-json\/wp\/v2\/posts"}],"about":[{"href":"https:\/\/concertacaoamazonia.com.br\/en\/wp-json\/wp\/v2\/types\/post"}],"author":[{"embeddable":true,"href":"https:\/\/concertacaoamazonia.com.br\/en\/wp-json\/wp\/v2\/users\/226"}],"replies":[{"embeddable":true,"href":"https:\/\/concertacaoamazonia.com.br\/en\/wp-json\/wp\/v2\/comments?post=80192"}],"version-history":[{"count":0,"href":"https:\/\/concertacaoamazonia.com.br\/en\/wp-json\/wp\/v2\/posts\/80192\/revisions"}],"wp:featuredmedia":[{"embeddable":true,"href":"https:\/\/concertacaoamazonia.com.br\/en\/wp-json\/wp\/v2\/media\/80184"}],"wp:attachment":[{"href":"https:\/\/concertacaoamazonia.com.br\/en\/wp-json\/wp\/v2\/media?parent=80192"}],"wp:term":[{"taxonomy":"category","embeddable":true,"href":"https:\/\/concertacaoamazonia.com.br\/en\/wp-json\/wp\/v2\/categories?post=80192"},{"taxonomy":"post_tag","embeddable":true,"href":"https:\/\/concertacaoamazonia.com.br\/en\/wp-json\/wp\/v2\/tags?post=80192"},{"taxonomy":"veiculo","embeddable":true,"href":"https:\/\/concertacaoamazonia.com.br\/en\/wp-json\/wp\/v2\/veiculo?post=80192"},{"taxonomy":"ano","embeddable":true,"href":"https:\/\/concertacaoamazonia.com.br\/en\/wp-json\/wp\/v2\/ano?post=80192"},{"taxonomy":"eixos","embeddable":true,"href":"https:\/\/concertacaoamazonia.com.br\/en\/wp-json\/wp\/v2\/eixos?post=80192"}],"curies":[{"name":"wp","href":"https:\/\/api.w.org\/{rel}","templated":true}]}}