{"id":79676,"date":"2025-07-18T13:49:26","date_gmt":"2025-07-18T16:49:26","guid":{"rendered":"https:\/\/concertacaoamazonia.com.br\/?p=79676"},"modified":"2025-08-01T10:16:32","modified_gmt":"2025-08-01T13:16:32","slug":"sociedade-civil-entrega-carta-a-presidencia-da-cop30-com-propostas-para-financiar-a-protecao-da-amazonia","status":"publish","type":"post","link":"https:\/\/concertacaoamazonia.com.br\/en\/2025\/07\/18\/sociedade-civil-entrega-carta-a-presidencia-da-cop30-com-propostas-para-financiar-a-protecao-da-amazonia\/","title":{"rendered":"Sociedade civil entrega carta \u00e0 Presid\u00eancia da COP30 com propostas para financiar a prote\u00e7\u00e3o da Amaz\u00f4nia"},"content":{"rendered":"\n<p>A pouco mais de quatro meses da COP30, organiza\u00e7\u00f5es da sociedade civil, centros de pesquisa, cientistas e lideran\u00e7as comunit\u00e1rias entregaram hoje \u00e0 Presid\u00eancia da COP30 um conjunto de recomenda\u00e7\u00f5es para escalar o financiamento de solu\u00e7\u00f5es baseadas na natureza com foco na Amaz\u00f4nia.<\/p>\n","protected":false},"excerpt":{"rendered":"<p>A pouco mais de quatro meses da COP30, organiza\u00e7\u00f5es da sociedade civil, centros de pesquisa, cientistas e lideran\u00e7as comunit\u00e1rias entregaram hoje \u00e0 Presid\u00eancia da COP30 um conjunto de recomenda\u00e7\u00f5es para escalar o financiamento de solu\u00e7\u00f5es baseadas na natureza com foco na Amaz\u00f4nia. <\/p>\n","protected":false},"author":226,"featured_media":79671,"comment_status":"open","ping_status":"open","sticky":false,"template":"","format":"standard","meta":{"footnotes":""},"categories":[28],"tags":[],"veiculo":[2378],"ano":[2224],"eixos":[],"class_list":["post-79676","post","type-post","status-publish","format-standard","has-post-thumbnail","hentry","category-artigo-externo","veiculo-agro-floresta-amazonia"],"_links":{"self":[{"href":"https:\/\/concertacaoamazonia.com.br\/en\/wp-json\/wp\/v2\/posts\/79676","targetHints":{"allow":["GET"]}}],"collection":[{"href":"https:\/\/concertacaoamazonia.com.br\/en\/wp-json\/wp\/v2\/posts"}],"about":[{"href":"https:\/\/concertacaoamazonia.com.br\/en\/wp-json\/wp\/v2\/types\/post"}],"author":[{"embeddable":true,"href":"https:\/\/concertacaoamazonia.com.br\/en\/wp-json\/wp\/v2\/users\/226"}],"replies":[{"embeddable":true,"href":"https:\/\/concertacaoamazonia.com.br\/en\/wp-json\/wp\/v2\/comments?post=79676"}],"version-history":[{"count":0,"href":"https:\/\/concertacaoamazonia.com.br\/en\/wp-json\/wp\/v2\/posts\/79676\/revisions"}],"wp:featuredmedia":[{"embeddable":true,"href":"https:\/\/concertacaoamazonia.com.br\/en\/wp-json\/wp\/v2\/media\/79671"}],"wp:attachment":[{"href":"https:\/\/concertacaoamazonia.com.br\/en\/wp-json\/wp\/v2\/media?parent=79676"}],"wp:term":[{"taxonomy":"category","embeddable":true,"href":"https:\/\/concertacaoamazonia.com.br\/en\/wp-json\/wp\/v2\/categories?post=79676"},{"taxonomy":"post_tag","embeddable":true,"href":"https:\/\/concertacaoamazonia.com.br\/en\/wp-json\/wp\/v2\/tags?post=79676"},{"taxonomy":"veiculo","embeddable":true,"href":"https:\/\/concertacaoamazonia.com.br\/en\/wp-json\/wp\/v2\/veiculo?post=79676"},{"taxonomy":"ano","embeddable":true,"href":"https:\/\/concertacaoamazonia.com.br\/en\/wp-json\/wp\/v2\/ano?post=79676"},{"taxonomy":"eixos","embeddable":true,"href":"https:\/\/concertacaoamazonia.com.br\/en\/wp-json\/wp\/v2\/eixos?post=79676"}],"curies":[{"name":"wp","href":"https:\/\/api.w.org\/{rel}","templated":true}]}}