{"id":79666,"date":"2025-07-17T15:27:49","date_gmt":"2025-07-17T18:27:49","guid":{"rendered":"https:\/\/concertacaoamazonia.com.br\/?p=79666"},"modified":"2026-05-02T00:10:25","modified_gmt":"2026-05-02T03:10:25","slug":"devido-a-incendios-desmatamento-sobe-84-na-amazonia-de-agosto-de-2024-a-junho-de-2025-cerrado-tem-queda-de-225","status":"publish","type":"post","link":"https:\/\/concertacaoamazonia.com.br\/en\/2025\/07\/17\/devido-a-incendios-desmatamento-sobe-84-na-amazonia-de-agosto-de-2024-a-junho-de-2025-cerrado-tem-queda-de-225\/","title":{"rendered":"Devido a inc\u00eandios, desmatamento sobe 8,4% na Amaz\u00f4nia de agosto de 2024 a junho de 2025; Cerrado tem queda de 22,5%"},"content":{"rendered":"\n<p>\u00c1reas sob alerta de desmatamento provocado por inc\u00eandios cresceram 245,7% na Amaz\u00f4nia; governo federal trabalha junto a estados para transformar Brasil em pa\u00eds resiliente ao fogo<\/p>\n","protected":false},"excerpt":{"rendered":"<p>\u00c1reas sob alerta de desmatamento provocado por inc\u00eandios cresceram 245,7% na Amaz\u00f4nia; governo federal trabalha junto a estados para transformar Brasil em pa\u00eds resiliente ao fogo<\/p>\n","protected":false},"author":226,"featured_media":79653,"comment_status":"closed","ping_status":"closed","sticky":false,"template":"","format":"standard","meta":{"footnotes":""},"categories":[28],"tags":[],"veiculo":[716],"ano":[2224],"eixos":[],"class_list":["post-79666","post","type-post","status-publish","format-standard","has-post-thumbnail","hentry","category-artigo-externo","veiculo-governo-federal"],"_links":{"self":[{"href":"https:\/\/concertacaoamazonia.com.br\/en\/wp-json\/wp\/v2\/posts\/79666","targetHints":{"allow":["GET"]}}],"collection":[{"href":"https:\/\/concertacaoamazonia.com.br\/en\/wp-json\/wp\/v2\/posts"}],"about":[{"href":"https:\/\/concertacaoamazonia.com.br\/en\/wp-json\/wp\/v2\/types\/post"}],"author":[{"embeddable":true,"href":"https:\/\/concertacaoamazonia.com.br\/en\/wp-json\/wp\/v2\/users\/226"}],"replies":[{"embeddable":true,"href":"https:\/\/concertacaoamazonia.com.br\/en\/wp-json\/wp\/v2\/comments?post=79666"}],"version-history":[{"count":0,"href":"https:\/\/concertacaoamazonia.com.br\/en\/wp-json\/wp\/v2\/posts\/79666\/revisions"}],"wp:featuredmedia":[{"embeddable":true,"href":"https:\/\/concertacaoamazonia.com.br\/en\/wp-json\/wp\/v2\/media\/79653"}],"wp:attachment":[{"href":"https:\/\/concertacaoamazonia.com.br\/en\/wp-json\/wp\/v2\/media?parent=79666"}],"wp:term":[{"taxonomy":"category","embeddable":true,"href":"https:\/\/concertacaoamazonia.com.br\/en\/wp-json\/wp\/v2\/categories?post=79666"},{"taxonomy":"post_tag","embeddable":true,"href":"https:\/\/concertacaoamazonia.com.br\/en\/wp-json\/wp\/v2\/tags?post=79666"},{"taxonomy":"veiculo","embeddable":true,"href":"https:\/\/concertacaoamazonia.com.br\/en\/wp-json\/wp\/v2\/veiculo?post=79666"},{"taxonomy":"ano","embeddable":true,"href":"https:\/\/concertacaoamazonia.com.br\/en\/wp-json\/wp\/v2\/ano?post=79666"},{"taxonomy":"eixos","embeddable":true,"href":"https:\/\/concertacaoamazonia.com.br\/en\/wp-json\/wp\/v2\/eixos?post=79666"}],"curies":[{"name":"wp","href":"https:\/\/api.w.org\/{rel}","templated":true}]}}