{"id":79577,"date":"2025-07-11T16:47:58","date_gmt":"2025-07-11T19:47:58","guid":{"rendered":"https:\/\/concertacaoamazonia.com.br\/?p=79577"},"modified":"2025-08-01T10:16:21","modified_gmt":"2025-08-01T13:16:21","slug":"indigenas-do-povo-kambeba-se-preparam-para-a-cop-30-com-propostas-de-preservacao-ambiental","status":"publish","type":"post","link":"https:\/\/concertacaoamazonia.com.br\/en\/2025\/07\/11\/indigenas-do-povo-kambeba-se-preparam-para-a-cop-30-com-propostas-de-preservacao-ambiental\/","title":{"rendered":"Ind\u00edgenas do povo Kambeba se preparam para a COP 30 com propostas de preserva\u00e7\u00e3o ambiental"},"content":{"rendered":"\n<p>Na comunidade ind\u00edgena Tr\u00eas Unidos, \u00e0s margens do Rio Negro, a cerca de 1 hora e meia de lancha de Manaus, no Amazonas, ind\u00edgenas do povo Kambeba participaram de uma oficina que busca preparar as popula\u00e7\u00f5es tradicionais para construir propostas que reflitam as prioridades de seus territ\u00f3rios e os impactos das mudan\u00e7as clim\u00e1ticas.<\/p>\n","protected":false},"excerpt":{"rendered":"<p>Na comunidade ind\u00edgena Tr\u00eas Unidos, \u00e0s margens do Rio Negro, a cerca de 1 hora e meia de lancha de Manaus, no Amazonas, ind\u00edgenas do povo Kambeba participaram de uma oficina que busca preparar as popula\u00e7\u00f5es tradicionais para construir propostas que reflitam as prioridades de seus territ\u00f3rios e os impactos das mudan\u00e7as clim\u00e1ticas.<\/p>\n","protected":false},"author":226,"featured_media":79553,"comment_status":"closed","ping_status":"closed","sticky":false,"template":"","format":"standard","meta":{"footnotes":""},"categories":[28],"tags":[],"veiculo":[2145],"ano":[2224],"eixos":[],"class_list":["post-79577","post","type-post","status-publish","format-standard","has-post-thumbnail","hentry","category-artigo-externo","veiculo-portal-amazonia"],"_links":{"self":[{"href":"https:\/\/concertacaoamazonia.com.br\/en\/wp-json\/wp\/v2\/posts\/79577","targetHints":{"allow":["GET"]}}],"collection":[{"href":"https:\/\/concertacaoamazonia.com.br\/en\/wp-json\/wp\/v2\/posts"}],"about":[{"href":"https:\/\/concertacaoamazonia.com.br\/en\/wp-json\/wp\/v2\/types\/post"}],"author":[{"embeddable":true,"href":"https:\/\/concertacaoamazonia.com.br\/en\/wp-json\/wp\/v2\/users\/226"}],"replies":[{"embeddable":true,"href":"https:\/\/concertacaoamazonia.com.br\/en\/wp-json\/wp\/v2\/comments?post=79577"}],"version-history":[{"count":0,"href":"https:\/\/concertacaoamazonia.com.br\/en\/wp-json\/wp\/v2\/posts\/79577\/revisions"}],"wp:featuredmedia":[{"embeddable":true,"href":"https:\/\/concertacaoamazonia.com.br\/en\/wp-json\/wp\/v2\/media\/79553"}],"wp:attachment":[{"href":"https:\/\/concertacaoamazonia.com.br\/en\/wp-json\/wp\/v2\/media?parent=79577"}],"wp:term":[{"taxonomy":"category","embeddable":true,"href":"https:\/\/concertacaoamazonia.com.br\/en\/wp-json\/wp\/v2\/categories?post=79577"},{"taxonomy":"post_tag","embeddable":true,"href":"https:\/\/concertacaoamazonia.com.br\/en\/wp-json\/wp\/v2\/tags?post=79577"},{"taxonomy":"veiculo","embeddable":true,"href":"https:\/\/concertacaoamazonia.com.br\/en\/wp-json\/wp\/v2\/veiculo?post=79577"},{"taxonomy":"ano","embeddable":true,"href":"https:\/\/concertacaoamazonia.com.br\/en\/wp-json\/wp\/v2\/ano?post=79577"},{"taxonomy":"eixos","embeddable":true,"href":"https:\/\/concertacaoamazonia.com.br\/en\/wp-json\/wp\/v2\/eixos?post=79577"}],"curies":[{"name":"wp","href":"https:\/\/api.w.org\/{rel}","templated":true}]}}