{"id":74667,"date":"2025-05-27T13:32:58","date_gmt":"2025-05-27T16:32:58","guid":{"rendered":"https:\/\/concertacaoamazonia.com.br\/?p=74667"},"modified":"2025-08-01T10:15:32","modified_gmt":"2025-08-01T13:15:32","slug":"projeto-propoe-5-amazonias-objetivo-e-promover-o-desenvolvimento-sustentavel-na-amazonia-legal","status":"publish","type":"post","link":"https:\/\/concertacaoamazonia.com.br\/en\/2025\/05\/27\/projeto-propoe-5-amazonias-objetivo-e-promover-o-desenvolvimento-sustentavel-na-amazonia-legal\/","title":{"rendered":"Projeto prop\u00f5e \u20185 Amaz\u00f4nias\u2019: objetivo \u00e9 promover o desenvolvimento sustent\u00e1vel na Amaz\u00f4nia Legal"},"content":{"rendered":"\n<p>A proposta desta forma de leitura, baseada na cobertura vegetal, \u00e9 para levar em considera\u00e7\u00e3o sua diversidade e complexidade.<a href=\"https:\/\/portalamazonia.com\/author\/a261cd6b5c0bf2c7\/\"><\/a><\/p>\n","protected":false},"excerpt":{"rendered":"<p>A proposta desta forma de leitura, baseada na cobertura vegetal, \u00e9 para levar em considera\u00e7\u00e3o sua diversidade e complexidade.<\/p>\n","protected":false},"author":226,"featured_media":74668,"comment_status":"closed","ping_status":"closed","sticky":false,"template":"","format":"standard","meta":{"footnotes":""},"categories":[28],"tags":[],"veiculo":[2145],"ano":[2224],"eixos":[],"class_list":["post-74667","post","type-post","status-publish","format-standard","has-post-thumbnail","hentry","category-artigo-externo","veiculo-portal-amazonia"],"_links":{"self":[{"href":"https:\/\/concertacaoamazonia.com.br\/en\/wp-json\/wp\/v2\/posts\/74667","targetHints":{"allow":["GET"]}}],"collection":[{"href":"https:\/\/concertacaoamazonia.com.br\/en\/wp-json\/wp\/v2\/posts"}],"about":[{"href":"https:\/\/concertacaoamazonia.com.br\/en\/wp-json\/wp\/v2\/types\/post"}],"author":[{"embeddable":true,"href":"https:\/\/concertacaoamazonia.com.br\/en\/wp-json\/wp\/v2\/users\/226"}],"replies":[{"embeddable":true,"href":"https:\/\/concertacaoamazonia.com.br\/en\/wp-json\/wp\/v2\/comments?post=74667"}],"version-history":[{"count":0,"href":"https:\/\/concertacaoamazonia.com.br\/en\/wp-json\/wp\/v2\/posts\/74667\/revisions"}],"wp:featuredmedia":[{"embeddable":true,"href":"https:\/\/concertacaoamazonia.com.br\/en\/wp-json\/wp\/v2\/media\/74668"}],"wp:attachment":[{"href":"https:\/\/concertacaoamazonia.com.br\/en\/wp-json\/wp\/v2\/media?parent=74667"}],"wp:term":[{"taxonomy":"category","embeddable":true,"href":"https:\/\/concertacaoamazonia.com.br\/en\/wp-json\/wp\/v2\/categories?post=74667"},{"taxonomy":"post_tag","embeddable":true,"href":"https:\/\/concertacaoamazonia.com.br\/en\/wp-json\/wp\/v2\/tags?post=74667"},{"taxonomy":"veiculo","embeddable":true,"href":"https:\/\/concertacaoamazonia.com.br\/en\/wp-json\/wp\/v2\/veiculo?post=74667"},{"taxonomy":"ano","embeddable":true,"href":"https:\/\/concertacaoamazonia.com.br\/en\/wp-json\/wp\/v2\/ano?post=74667"},{"taxonomy":"eixos","embeddable":true,"href":"https:\/\/concertacaoamazonia.com.br\/en\/wp-json\/wp\/v2\/eixos?post=74667"}],"curies":[{"name":"wp","href":"https:\/\/api.w.org\/{rel}","templated":true}]}}