{"id":73996,"date":"2025-05-14T14:31:14","date_gmt":"2025-05-14T17:31:14","guid":{"rendered":"https:\/\/concertacaoamazonia.com.br\/?p=73996"},"modified":"2025-08-01T10:15:32","modified_gmt":"2025-08-01T13:15:32","slug":"amazonia-em-disputa-o-avanco-do-discurso-pro-garimpo-no-amazonas","status":"publish","type":"post","link":"https:\/\/concertacaoamazonia.com.br\/en\/2025\/05\/14\/amazonia-em-disputa-o-avanco-do-discurso-pro-garimpo-no-amazonas\/","title":{"rendered":"Amaz\u00f4nia em disputa: o avan\u00e7o do discurso pr\u00f3-garimpo no Amazonas"},"content":{"rendered":"\n<p>Enquanto pol\u00edticos defendem a legaliza\u00e7\u00e3o como sa\u00edda econ\u00f4mica, especialistas alertam para os impactos irrevers\u00edveis da minera\u00e7\u00e3o na floresta e na vida dos pr\u00f3prios garimpeiros.<br><\/p>\n","protected":false},"excerpt":{"rendered":"<p>Enquanto pol\u00edticos defendem a legaliza\u00e7\u00e3o como sa\u00edda econ\u00f4mica, especialistas alertam para os impactos irrevers\u00edveis da minera\u00e7\u00e3o na floresta e na vida dos pr\u00f3prios garimpeiros.<\/p>\n","protected":false},"author":226,"featured_media":73997,"comment_status":"closed","ping_status":"closed","sticky":false,"template":"","format":"standard","meta":{"footnotes":""},"categories":[28],"tags":[],"veiculo":[2144],"ano":[2224],"eixos":[],"class_list":["post-73996","post","type-post","status-publish","format-standard","has-post-thumbnail","hentry","category-artigo-externo","veiculo-am1"],"_links":{"self":[{"href":"https:\/\/concertacaoamazonia.com.br\/en\/wp-json\/wp\/v2\/posts\/73996","targetHints":{"allow":["GET"]}}],"collection":[{"href":"https:\/\/concertacaoamazonia.com.br\/en\/wp-json\/wp\/v2\/posts"}],"about":[{"href":"https:\/\/concertacaoamazonia.com.br\/en\/wp-json\/wp\/v2\/types\/post"}],"author":[{"embeddable":true,"href":"https:\/\/concertacaoamazonia.com.br\/en\/wp-json\/wp\/v2\/users\/226"}],"replies":[{"embeddable":true,"href":"https:\/\/concertacaoamazonia.com.br\/en\/wp-json\/wp\/v2\/comments?post=73996"}],"version-history":[{"count":0,"href":"https:\/\/concertacaoamazonia.com.br\/en\/wp-json\/wp\/v2\/posts\/73996\/revisions"}],"wp:featuredmedia":[{"embeddable":true,"href":"https:\/\/concertacaoamazonia.com.br\/en\/wp-json\/wp\/v2\/media\/73997"}],"wp:attachment":[{"href":"https:\/\/concertacaoamazonia.com.br\/en\/wp-json\/wp\/v2\/media?parent=73996"}],"wp:term":[{"taxonomy":"category","embeddable":true,"href":"https:\/\/concertacaoamazonia.com.br\/en\/wp-json\/wp\/v2\/categories?post=73996"},{"taxonomy":"post_tag","embeddable":true,"href":"https:\/\/concertacaoamazonia.com.br\/en\/wp-json\/wp\/v2\/tags?post=73996"},{"taxonomy":"veiculo","embeddable":true,"href":"https:\/\/concertacaoamazonia.com.br\/en\/wp-json\/wp\/v2\/veiculo?post=73996"},{"taxonomy":"ano","embeddable":true,"href":"https:\/\/concertacaoamazonia.com.br\/en\/wp-json\/wp\/v2\/ano?post=73996"},{"taxonomy":"eixos","embeddable":true,"href":"https:\/\/concertacaoamazonia.com.br\/en\/wp-json\/wp\/v2\/eixos?post=73996"}],"curies":[{"name":"wp","href":"https:\/\/api.w.org\/{rel}","templated":true}]}}