{"id":71169,"date":"2021-08-06T17:43:21","date_gmt":"2021-08-06T20:43:21","guid":{"rendered":"https:\/\/concertacaoamazonia.com.br\/without-an-intact-amazon-the-paris-agreement-is-impossible\/"},"modified":"2021-08-06T17:43:21","modified_gmt":"2021-08-06T20:43:21","slug":"without-an-intact-amazon-the-paris-agreement-is-impossible","status":"publish","type":"post","link":"https:\/\/concertacaoamazonia.com.br\/en\/2021\/08\/06\/without-an-intact-amazon-the-paris-agreement-is-impossible\/","title":{"rendered":"&#8220;Without an intact Amazon, the Paris Agreement is impossible&#8221;"},"content":{"rendered":"\n<p>At a meeting of the Concerta\u00e7\u00e3o pela Amaz\u00f4nia, an American negotiator says that the US will have rules to prevent the entry of products linked to deforestation.<\/p>\n","protected":false},"excerpt":{"rendered":"<p>At a meeting of the Concerta\u00e7\u00e3o pela Amaz\u00f4nia, an American negotiator says that the US will have rules to prevent the entry of products linked to deforestation.<\/p>\n","protected":false},"author":208,"featured_media":0,"comment_status":"open","ping_status":"open","sticky":false,"template":"","format":"standard","meta":{"footnotes":""},"categories":[1728],"tags":[],"veiculo":[1626],"ano":[1589],"eixos":[],"class_list":["post-71169","post","type-post","status-publish","format-standard","hentry","category-artigo-externo-en","veiculo-valor-economico-en"],"_links":{"self":[{"href":"https:\/\/concertacaoamazonia.com.br\/en\/wp-json\/wp\/v2\/posts\/71169","targetHints":{"allow":["GET"]}}],"collection":[{"href":"https:\/\/concertacaoamazonia.com.br\/en\/wp-json\/wp\/v2\/posts"}],"about":[{"href":"https:\/\/concertacaoamazonia.com.br\/en\/wp-json\/wp\/v2\/types\/post"}],"author":[{"embeddable":true,"href":"https:\/\/concertacaoamazonia.com.br\/en\/wp-json\/wp\/v2\/users\/208"}],"replies":[{"embeddable":true,"href":"https:\/\/concertacaoamazonia.com.br\/en\/wp-json\/wp\/v2\/comments?post=71169"}],"version-history":[{"count":0,"href":"https:\/\/concertacaoamazonia.com.br\/en\/wp-json\/wp\/v2\/posts\/71169\/revisions"}],"wp:attachment":[{"href":"https:\/\/concertacaoamazonia.com.br\/en\/wp-json\/wp\/v2\/media?parent=71169"}],"wp:term":[{"taxonomy":"category","embeddable":true,"href":"https:\/\/concertacaoamazonia.com.br\/en\/wp-json\/wp\/v2\/categories?post=71169"},{"taxonomy":"post_tag","embeddable":true,"href":"https:\/\/concertacaoamazonia.com.br\/en\/wp-json\/wp\/v2\/tags?post=71169"},{"taxonomy":"veiculo","embeddable":true,"href":"https:\/\/concertacaoamazonia.com.br\/en\/wp-json\/wp\/v2\/veiculo?post=71169"},{"taxonomy":"ano","embeddable":true,"href":"https:\/\/concertacaoamazonia.com.br\/en\/wp-json\/wp\/v2\/ano?post=71169"},{"taxonomy":"eixos","embeddable":true,"href":"https:\/\/concertacaoamazonia.com.br\/en\/wp-json\/wp\/v2\/eixos?post=71169"}],"curies":[{"name":"wp","href":"https:\/\/api.w.org\/{rel}","templated":true}]}}