{"id":71162,"date":"2021-08-06T17:43:12","date_gmt":"2021-08-06T20:43:12","guid":{"rendered":"https:\/\/concertacaoamazonia.com.br\/brazilian-and-american-leaders-seek-to-build-a-joint-agenda\/"},"modified":"2026-05-02T00:11:24","modified_gmt":"2026-05-02T03:11:24","slug":"brazilian-and-american-leaders-seek-to-build-a-joint-agenda","status":"publish","type":"post","link":"https:\/\/concertacaoamazonia.com.br\/en\/2021\/08\/06\/brazilian-and-american-leaders-seek-to-build-a-joint-agenda\/","title":{"rendered":"Brazilian and American leaders seek to build a joint agenda"},"content":{"rendered":"\n<p>Ex-negociadores clim\u00e1ticos dos EUA discutem planos para a Amaz\u00f4nia em reuni\u00e3o de hoje da Concerta\u00e7\u00e3o.<\/p>\n","protected":false},"excerpt":{"rendered":"<p>Ex-negociadores clim\u00e1ticos dos EUA discutem planos para a Amaz\u00f4nia em reuni\u00e3o de hoje da Concerta\u00e7\u00e3o.<\/p>\n","protected":false},"author":208,"featured_media":0,"comment_status":"open","ping_status":"open","sticky":false,"template":"","format":"standard","meta":{"footnotes":""},"categories":[1728],"tags":[],"veiculo":[1626],"ano":[1589],"eixos":[],"class_list":["post-71162","post","type-post","status-publish","format-standard","hentry","category-artigo-externo-en","veiculo-valor-economico-en"],"_links":{"self":[{"href":"https:\/\/concertacaoamazonia.com.br\/en\/wp-json\/wp\/v2\/posts\/71162","targetHints":{"allow":["GET"]}}],"collection":[{"href":"https:\/\/concertacaoamazonia.com.br\/en\/wp-json\/wp\/v2\/posts"}],"about":[{"href":"https:\/\/concertacaoamazonia.com.br\/en\/wp-json\/wp\/v2\/types\/post"}],"author":[{"embeddable":true,"href":"https:\/\/concertacaoamazonia.com.br\/en\/wp-json\/wp\/v2\/users\/208"}],"replies":[{"embeddable":true,"href":"https:\/\/concertacaoamazonia.com.br\/en\/wp-json\/wp\/v2\/comments?post=71162"}],"version-history":[{"count":0,"href":"https:\/\/concertacaoamazonia.com.br\/en\/wp-json\/wp\/v2\/posts\/71162\/revisions"}],"wp:attachment":[{"href":"https:\/\/concertacaoamazonia.com.br\/en\/wp-json\/wp\/v2\/media?parent=71162"}],"wp:term":[{"taxonomy":"category","embeddable":true,"href":"https:\/\/concertacaoamazonia.com.br\/en\/wp-json\/wp\/v2\/categories?post=71162"},{"taxonomy":"post_tag","embeddable":true,"href":"https:\/\/concertacaoamazonia.com.br\/en\/wp-json\/wp\/v2\/tags?post=71162"},{"taxonomy":"veiculo","embeddable":true,"href":"https:\/\/concertacaoamazonia.com.br\/en\/wp-json\/wp\/v2\/veiculo?post=71162"},{"taxonomy":"ano","embeddable":true,"href":"https:\/\/concertacaoamazonia.com.br\/en\/wp-json\/wp\/v2\/ano?post=71162"},{"taxonomy":"eixos","embeddable":true,"href":"https:\/\/concertacaoamazonia.com.br\/en\/wp-json\/wp\/v2\/eixos?post=71162"}],"curies":[{"name":"wp","href":"https:\/\/api.w.org\/{rel}","templated":true}]}}