{"id":71096,"date":"2022-01-31T19:03:53","date_gmt":"2022-01-31T22:03:53","guid":{"rendered":"https:\/\/concertacaoamazonia.com.br\/aimless-in-the-amazon\/"},"modified":"2022-01-31T19:03:53","modified_gmt":"2022-01-31T22:03:53","slug":"aimless-in-the-amazon","status":"publish","type":"post","link":"https:\/\/concertacaoamazonia.com.br\/en\/2022\/01\/31\/aimless-in-the-amazon\/","title":{"rendered":"Aimless in the Amazon"},"content":{"rendered":"\n<p>In an article published in the newspaper O Globo, Beto Ver\u00edssimo and Juliano Assun\u00e7\u00e3o, coordinators of the Amazonia 2030 project, analyze the main results of the report &#8220;Education in the Legal Amazon &#8211; Diagnosis and Critical Points&#8221;, which brings up the challenges in Early Childhood Education, Secondary Education and Professional Education.<\/p>\n","protected":false},"excerpt":{"rendered":"<p>In an article published in the newspaper O Globo, Beto Ver\u00edssimo and Juliano Assun\u00e7\u00e3o, coordinators of the Amazonia 2030 project, analyze the main results of the report &#8220;Education in the [&hellip;]<\/p>\n","protected":false},"author":208,"featured_media":9037,"comment_status":"closed","ping_status":"closed","sticky":false,"template":"","format":"standard","meta":{"footnotes":""},"categories":[1728],"tags":[],"veiculo":[2260],"ano":[1590],"eixos":[],"class_list":["post-71096","post","type-post","status-publish","format-standard","has-post-thumbnail","hentry","category-artigo-externo-en","veiculo-the-globe"],"_links":{"self":[{"href":"https:\/\/concertacaoamazonia.com.br\/en\/wp-json\/wp\/v2\/posts\/71096","targetHints":{"allow":["GET"]}}],"collection":[{"href":"https:\/\/concertacaoamazonia.com.br\/en\/wp-json\/wp\/v2\/posts"}],"about":[{"href":"https:\/\/concertacaoamazonia.com.br\/en\/wp-json\/wp\/v2\/types\/post"}],"author":[{"embeddable":true,"href":"https:\/\/concertacaoamazonia.com.br\/en\/wp-json\/wp\/v2\/users\/208"}],"replies":[{"embeddable":true,"href":"https:\/\/concertacaoamazonia.com.br\/en\/wp-json\/wp\/v2\/comments?post=71096"}],"version-history":[{"count":0,"href":"https:\/\/concertacaoamazonia.com.br\/en\/wp-json\/wp\/v2\/posts\/71096\/revisions"}],"wp:featuredmedia":[{"embeddable":true,"href":"https:\/\/concertacaoamazonia.com.br\/en\/wp-json\/wp\/v2\/media\/9037"}],"wp:attachment":[{"href":"https:\/\/concertacaoamazonia.com.br\/en\/wp-json\/wp\/v2\/media?parent=71096"}],"wp:term":[{"taxonomy":"category","embeddable":true,"href":"https:\/\/concertacaoamazonia.com.br\/en\/wp-json\/wp\/v2\/categories?post=71096"},{"taxonomy":"post_tag","embeddable":true,"href":"https:\/\/concertacaoamazonia.com.br\/en\/wp-json\/wp\/v2\/tags?post=71096"},{"taxonomy":"veiculo","embeddable":true,"href":"https:\/\/concertacaoamazonia.com.br\/en\/wp-json\/wp\/v2\/veiculo?post=71096"},{"taxonomy":"ano","embeddable":true,"href":"https:\/\/concertacaoamazonia.com.br\/en\/wp-json\/wp\/v2\/ano?post=71096"},{"taxonomy":"eixos","embeddable":true,"href":"https:\/\/concertacaoamazonia.com.br\/en\/wp-json\/wp\/v2\/eixos?post=71096"}],"curies":[{"name":"wp","href":"https:\/\/api.w.org\/{rel}","templated":true}]}}