{"id":70993,"date":"2022-09-02T11:38:43","date_gmt":"2022-09-02T14:38:43","guid":{"rendered":"https:\/\/concertacaoamazonia.com.br\/new-show-ventanias-will-be-one-of-the-main-attractions-at-the-baile-na-terra-and-resistencia-festivals\/"},"modified":"2022-09-02T11:38:43","modified_gmt":"2022-09-02T14:38:43","slug":"new-show-ventanias-will-be-one-of-the-main-attractions-at-the-baile-na-terra-and-resistencia-festivals","status":"publish","type":"post","link":"https:\/\/concertacaoamazonia.com.br\/en\/2022\/09\/02\/new-show-ventanias-will-be-one-of-the-main-attractions-at-the-baile-na-terra-and-resistencia-festivals\/","title":{"rendered":"New show Ventanias will be one of the main attractions at the &#8220;Baile na Terra&#8221; and &#8220;Resist\u00eancia&#8221; festivals"},"content":{"rendered":"\n<p><em>Free presentations will take place on the 3rd, in S\u00e3o Paulo (SP), and the 4th, in S\u00e3o Lu\u00eds (MA); the events will be held to commemorate Amazon Day<\/em><\/p>\n","protected":false},"excerpt":{"rendered":"<p>Free presentations will take place on the 3rd, in S\u00e3o Paulo (SP), and the 4th, in S\u00e3o Lu\u00eds (MA); the events will be held to commemorate Amazon Day<\/p>\n","protected":false},"author":226,"featured_media":24715,"comment_status":"closed","ping_status":"closed","sticky":false,"template":"","format":"standard","meta":{"footnotes":""},"categories":[1728],"tags":[],"veiculo":[2266],"ano":[1590],"eixos":[],"class_list":["post-70993","post","type-post","status-publish","format-standard","has-post-thumbnail","hentry","category-artigo-externo-en","veiculo-theater-tip"],"_links":{"self":[{"href":"https:\/\/concertacaoamazonia.com.br\/en\/wp-json\/wp\/v2\/posts\/70993","targetHints":{"allow":["GET"]}}],"collection":[{"href":"https:\/\/concertacaoamazonia.com.br\/en\/wp-json\/wp\/v2\/posts"}],"about":[{"href":"https:\/\/concertacaoamazonia.com.br\/en\/wp-json\/wp\/v2\/types\/post"}],"author":[{"embeddable":true,"href":"https:\/\/concertacaoamazonia.com.br\/en\/wp-json\/wp\/v2\/users\/226"}],"replies":[{"embeddable":true,"href":"https:\/\/concertacaoamazonia.com.br\/en\/wp-json\/wp\/v2\/comments?post=70993"}],"version-history":[{"count":0,"href":"https:\/\/concertacaoamazonia.com.br\/en\/wp-json\/wp\/v2\/posts\/70993\/revisions"}],"wp:featuredmedia":[{"embeddable":true,"href":"https:\/\/concertacaoamazonia.com.br\/en\/wp-json\/wp\/v2\/media\/24715"}],"wp:attachment":[{"href":"https:\/\/concertacaoamazonia.com.br\/en\/wp-json\/wp\/v2\/media?parent=70993"}],"wp:term":[{"taxonomy":"category","embeddable":true,"href":"https:\/\/concertacaoamazonia.com.br\/en\/wp-json\/wp\/v2\/categories?post=70993"},{"taxonomy":"post_tag","embeddable":true,"href":"https:\/\/concertacaoamazonia.com.br\/en\/wp-json\/wp\/v2\/tags?post=70993"},{"taxonomy":"veiculo","embeddable":true,"href":"https:\/\/concertacaoamazonia.com.br\/en\/wp-json\/wp\/v2\/veiculo?post=70993"},{"taxonomy":"ano","embeddable":true,"href":"https:\/\/concertacaoamazonia.com.br\/en\/wp-json\/wp\/v2\/ano?post=70993"},{"taxonomy":"eixos","embeddable":true,"href":"https:\/\/concertacaoamazonia.com.br\/en\/wp-json\/wp\/v2\/eixos?post=70993"}],"curies":[{"name":"wp","href":"https:\/\/api.w.org\/{rel}","templated":true}]}}