{"id":70534,"date":"2025-04-14T15:19:17","date_gmt":"2025-04-14T18:19:17","guid":{"rendered":"https:\/\/concertacaoamazonia.com.br\/?p=70534"},"modified":"2025-04-14T15:19:20","modified_gmt":"2025-04-14T18:19:20","slug":"a-quimica-das-solucoes-climaticas-na-cop30","status":"publish","type":"post","link":"https:\/\/concertacaoamazonia.com.br\/en\/2025\/04\/14\/a-quimica-das-solucoes-climaticas-na-cop30\/","title":{"rendered":"A qu\u00edmica das solu\u00e7\u00f5es clim\u00e1ticas na COP30"},"content":{"rendered":"\n<p>Intera\u00e7\u00e3o entre governos, empresas e sociedade precisa ser coordenada para implementar pol\u00edticas p\u00fablicas e privadas de enfrentamento<\/p>\n","protected":false},"excerpt":{"rendered":"<p>Intera\u00e7\u00e3o entre governos, empresas e sociedade precisa ser coordenada para implementar pol\u00edticas p\u00fablicas e privadas de enfrentamento<\/p>\n","protected":false},"author":226,"featured_media":70535,"comment_status":"closed","ping_status":"closed","sticky":false,"template":"","format":"standard","meta":{"footnotes":""},"categories":[28],"tags":[],"veiculo":[1914],"ano":[2224],"eixos":[],"class_list":["post-70534","post","type-post","status-publish","format-standard","has-post-thumbnail","hentry","category-artigo-externo","veiculo-poder-360"],"_links":{"self":[{"href":"https:\/\/concertacaoamazonia.com.br\/en\/wp-json\/wp\/v2\/posts\/70534","targetHints":{"allow":["GET"]}}],"collection":[{"href":"https:\/\/concertacaoamazonia.com.br\/en\/wp-json\/wp\/v2\/posts"}],"about":[{"href":"https:\/\/concertacaoamazonia.com.br\/en\/wp-json\/wp\/v2\/types\/post"}],"author":[{"embeddable":true,"href":"https:\/\/concertacaoamazonia.com.br\/en\/wp-json\/wp\/v2\/users\/226"}],"replies":[{"embeddable":true,"href":"https:\/\/concertacaoamazonia.com.br\/en\/wp-json\/wp\/v2\/comments?post=70534"}],"version-history":[{"count":0,"href":"https:\/\/concertacaoamazonia.com.br\/en\/wp-json\/wp\/v2\/posts\/70534\/revisions"}],"wp:featuredmedia":[{"embeddable":true,"href":"https:\/\/concertacaoamazonia.com.br\/en\/wp-json\/wp\/v2\/media\/70535"}],"wp:attachment":[{"href":"https:\/\/concertacaoamazonia.com.br\/en\/wp-json\/wp\/v2\/media?parent=70534"}],"wp:term":[{"taxonomy":"category","embeddable":true,"href":"https:\/\/concertacaoamazonia.com.br\/en\/wp-json\/wp\/v2\/categories?post=70534"},{"taxonomy":"post_tag","embeddable":true,"href":"https:\/\/concertacaoamazonia.com.br\/en\/wp-json\/wp\/v2\/tags?post=70534"},{"taxonomy":"veiculo","embeddable":true,"href":"https:\/\/concertacaoamazonia.com.br\/en\/wp-json\/wp\/v2\/veiculo?post=70534"},{"taxonomy":"ano","embeddable":true,"href":"https:\/\/concertacaoamazonia.com.br\/en\/wp-json\/wp\/v2\/ano?post=70534"},{"taxonomy":"eixos","embeddable":true,"href":"https:\/\/concertacaoamazonia.com.br\/en\/wp-json\/wp\/v2\/eixos?post=70534"}],"curies":[{"name":"wp","href":"https:\/\/api.w.org\/{rel}","templated":true}]}}