{"id":70178,"date":"2025-04-03T12:06:09","date_gmt":"2025-04-03T15:06:09","guid":{"rendered":"https:\/\/concertacaoamazonia.com.br\/?p=70178"},"modified":"2025-04-03T12:06:10","modified_gmt":"2025-04-03T15:06:10","slug":"degradacao-na-amazonia-legal-bate-recorde-e-cresce-482-em-2025","status":"publish","type":"post","link":"https:\/\/concertacaoamazonia.com.br\/en\/2025\/04\/03\/degradacao-na-amazonia-legal-bate-recorde-e-cresce-482-em-2025\/","title":{"rendered":"Degrada\u00e7\u00e3o na Amaz\u00f4nia Legal bate recorde e cresce 482% em 2025"},"content":{"rendered":"\n<p>Dados do Imazon mostram que \u00e1rea degradada chega a 33.807 km\u00b2, maior \u00edndice da s\u00e9rie hist\u00f3rica; Par\u00e1 \u00e9 o Estado mais afetado<\/p>\n","protected":false},"excerpt":{"rendered":"<p>Dados do Imazon mostram que \u00e1rea degradada chega a 33.807 km\u00b2, maior \u00edndice da s\u00e9rie hist\u00f3rica; Par\u00e1 \u00e9 o Estado mais afetado<\/p>\n","protected":false},"author":226,"featured_media":61600,"comment_status":"closed","ping_status":"closed","sticky":false,"template":"","format":"standard","meta":{"footnotes":""},"categories":[28],"tags":[],"veiculo":[1914],"ano":[2224],"eixos":[],"class_list":["post-70178","post","type-post","status-publish","format-standard","has-post-thumbnail","hentry","category-artigo-externo","veiculo-poder-360"],"_links":{"self":[{"href":"https:\/\/concertacaoamazonia.com.br\/en\/wp-json\/wp\/v2\/posts\/70178","targetHints":{"allow":["GET"]}}],"collection":[{"href":"https:\/\/concertacaoamazonia.com.br\/en\/wp-json\/wp\/v2\/posts"}],"about":[{"href":"https:\/\/concertacaoamazonia.com.br\/en\/wp-json\/wp\/v2\/types\/post"}],"author":[{"embeddable":true,"href":"https:\/\/concertacaoamazonia.com.br\/en\/wp-json\/wp\/v2\/users\/226"}],"replies":[{"embeddable":true,"href":"https:\/\/concertacaoamazonia.com.br\/en\/wp-json\/wp\/v2\/comments?post=70178"}],"version-history":[{"count":0,"href":"https:\/\/concertacaoamazonia.com.br\/en\/wp-json\/wp\/v2\/posts\/70178\/revisions"}],"wp:featuredmedia":[{"embeddable":true,"href":"https:\/\/concertacaoamazonia.com.br\/en\/wp-json\/wp\/v2\/media\/61600"}],"wp:attachment":[{"href":"https:\/\/concertacaoamazonia.com.br\/en\/wp-json\/wp\/v2\/media?parent=70178"}],"wp:term":[{"taxonomy":"category","embeddable":true,"href":"https:\/\/concertacaoamazonia.com.br\/en\/wp-json\/wp\/v2\/categories?post=70178"},{"taxonomy":"post_tag","embeddable":true,"href":"https:\/\/concertacaoamazonia.com.br\/en\/wp-json\/wp\/v2\/tags?post=70178"},{"taxonomy":"veiculo","embeddable":true,"href":"https:\/\/concertacaoamazonia.com.br\/en\/wp-json\/wp\/v2\/veiculo?post=70178"},{"taxonomy":"ano","embeddable":true,"href":"https:\/\/concertacaoamazonia.com.br\/en\/wp-json\/wp\/v2\/ano?post=70178"},{"taxonomy":"eixos","embeddable":true,"href":"https:\/\/concertacaoamazonia.com.br\/en\/wp-json\/wp\/v2\/eixos?post=70178"}],"curies":[{"name":"wp","href":"https:\/\/api.w.org\/{rel}","templated":true}]}}