{"id":69894,"date":"2025-03-27T10:51:39","date_gmt":"2025-03-27T13:51:39","guid":{"rendered":"https:\/\/concertacaoamazonia.com.br\/?p=69894"},"modified":"2025-03-27T10:51:41","modified_gmt":"2025-03-27T13:51:41","slug":"wwf-brasil-lanca-plano-para-mitigar-impactos-da-contaminacao-por-mercurio-na-amazonia","status":"publish","type":"post","link":"https:\/\/concertacaoamazonia.com.br\/en\/2025\/03\/27\/wwf-brasil-lanca-plano-para-mitigar-impactos-da-contaminacao-por-mercurio-na-amazonia\/","title":{"rendered":"WWF-Brasil lan\u00e7a plano para mitigar impactos da contamina\u00e7\u00e3o por merc\u00fario na Amaz\u00f4nia"},"content":{"rendered":"\n<p>Documento sugere a\u00e7\u00f5es priorit\u00e1rias para a \u00e1rea da sa\u00fade, seguran\u00e7a alimentar e h\u00eddrica, e foi constru\u00eddo com a participa\u00e7\u00e3o de popula\u00e7\u00f5es tradicionais e especialistas ambientais da regi\u00e3o<br><\/p>\n","protected":false},"excerpt":{"rendered":"<p>Documento sugere a\u00e7\u00f5es priorit\u00e1rias para a \u00e1rea da sa\u00fade, seguran\u00e7a alimentar e h\u00eddrica, e foi constru\u00eddo com a participa\u00e7\u00e3o de popula\u00e7\u00f5es tradicionais e especialistas ambientais da regi\u00e3o<\/p>\n","protected":false},"author":226,"featured_media":69895,"comment_status":"closed","ping_status":"closed","sticky":false,"template":"","format":"standard","meta":{"footnotes":""},"categories":[28],"tags":[],"veiculo":[2112],"ano":[2224],"eixos":[],"class_list":["post-69894","post","type-post","status-publish","format-standard","has-post-thumbnail","hentry","category-artigo-externo","veiculo-wwf"],"_links":{"self":[{"href":"https:\/\/concertacaoamazonia.com.br\/en\/wp-json\/wp\/v2\/posts\/69894","targetHints":{"allow":["GET"]}}],"collection":[{"href":"https:\/\/concertacaoamazonia.com.br\/en\/wp-json\/wp\/v2\/posts"}],"about":[{"href":"https:\/\/concertacaoamazonia.com.br\/en\/wp-json\/wp\/v2\/types\/post"}],"author":[{"embeddable":true,"href":"https:\/\/concertacaoamazonia.com.br\/en\/wp-json\/wp\/v2\/users\/226"}],"replies":[{"embeddable":true,"href":"https:\/\/concertacaoamazonia.com.br\/en\/wp-json\/wp\/v2\/comments?post=69894"}],"version-history":[{"count":0,"href":"https:\/\/concertacaoamazonia.com.br\/en\/wp-json\/wp\/v2\/posts\/69894\/revisions"}],"wp:featuredmedia":[{"embeddable":true,"href":"https:\/\/concertacaoamazonia.com.br\/en\/wp-json\/wp\/v2\/media\/69895"}],"wp:attachment":[{"href":"https:\/\/concertacaoamazonia.com.br\/en\/wp-json\/wp\/v2\/media?parent=69894"}],"wp:term":[{"taxonomy":"category","embeddable":true,"href":"https:\/\/concertacaoamazonia.com.br\/en\/wp-json\/wp\/v2\/categories?post=69894"},{"taxonomy":"post_tag","embeddable":true,"href":"https:\/\/concertacaoamazonia.com.br\/en\/wp-json\/wp\/v2\/tags?post=69894"},{"taxonomy":"veiculo","embeddable":true,"href":"https:\/\/concertacaoamazonia.com.br\/en\/wp-json\/wp\/v2\/veiculo?post=69894"},{"taxonomy":"ano","embeddable":true,"href":"https:\/\/concertacaoamazonia.com.br\/en\/wp-json\/wp\/v2\/ano?post=69894"},{"taxonomy":"eixos","embeddable":true,"href":"https:\/\/concertacaoamazonia.com.br\/en\/wp-json\/wp\/v2\/eixos?post=69894"}],"curies":[{"name":"wp","href":"https:\/\/api.w.org\/{rel}","templated":true}]}}