{"id":69155,"date":"2025-03-06T12:35:03","date_gmt":"2025-03-06T15:35:03","guid":{"rendered":"https:\/\/concertacaoamazonia.com.br\/?p=69155"},"modified":"2025-03-06T12:35:08","modified_gmt":"2025-03-06T15:35:08","slug":"por-que-as-fpnds-sao-o-futuro-da-conservacao-na-amazonia","status":"publish","type":"post","link":"https:\/\/concertacaoamazonia.com.br\/en\/2025\/03\/06\/por-que-as-fpnds-sao-o-futuro-da-conservacao-na-amazonia\/","title":{"rendered":"Por que as FPNDs s\u00e3o o futuro da conserva\u00e7\u00e3o na Amaz\u00f4nia?"},"content":{"rendered":"\n<p>Como ainda n\u00e3o possuem uma destina\u00e7\u00e3o espec\u00edfica definida por lei, as FPNDs s\u00e3o vulner\u00e1veis a ocupa\u00e7\u00f5es ilegais e ao desmatamento, apesar de serem consideradas patrim\u00f4nio.<\/p>\n","protected":false},"excerpt":{"rendered":"<p>Como ainda n\u00e3o possuem uma destina\u00e7\u00e3o espec\u00edfica definida por lei, as FPNDs s\u00e3o vulner\u00e1veis a ocupa\u00e7\u00f5es ilegais e ao desmatamento, apesar de serem consideradas patrim\u00f4nio.<\/p>\n","protected":false},"author":226,"featured_media":69156,"comment_status":"closed","ping_status":"closed","sticky":false,"template":"","format":"standard","meta":{"footnotes":""},"categories":[28],"tags":[],"veiculo":[2145],"ano":[2224],"eixos":[],"class_list":["post-69155","post","type-post","status-publish","format-standard","has-post-thumbnail","hentry","category-artigo-externo","veiculo-portal-amazonia"],"_links":{"self":[{"href":"https:\/\/concertacaoamazonia.com.br\/en\/wp-json\/wp\/v2\/posts\/69155","targetHints":{"allow":["GET"]}}],"collection":[{"href":"https:\/\/concertacaoamazonia.com.br\/en\/wp-json\/wp\/v2\/posts"}],"about":[{"href":"https:\/\/concertacaoamazonia.com.br\/en\/wp-json\/wp\/v2\/types\/post"}],"author":[{"embeddable":true,"href":"https:\/\/concertacaoamazonia.com.br\/en\/wp-json\/wp\/v2\/users\/226"}],"replies":[{"embeddable":true,"href":"https:\/\/concertacaoamazonia.com.br\/en\/wp-json\/wp\/v2\/comments?post=69155"}],"version-history":[{"count":0,"href":"https:\/\/concertacaoamazonia.com.br\/en\/wp-json\/wp\/v2\/posts\/69155\/revisions"}],"wp:featuredmedia":[{"embeddable":true,"href":"https:\/\/concertacaoamazonia.com.br\/en\/wp-json\/wp\/v2\/media\/69156"}],"wp:attachment":[{"href":"https:\/\/concertacaoamazonia.com.br\/en\/wp-json\/wp\/v2\/media?parent=69155"}],"wp:term":[{"taxonomy":"category","embeddable":true,"href":"https:\/\/concertacaoamazonia.com.br\/en\/wp-json\/wp\/v2\/categories?post=69155"},{"taxonomy":"post_tag","embeddable":true,"href":"https:\/\/concertacaoamazonia.com.br\/en\/wp-json\/wp\/v2\/tags?post=69155"},{"taxonomy":"veiculo","embeddable":true,"href":"https:\/\/concertacaoamazonia.com.br\/en\/wp-json\/wp\/v2\/veiculo?post=69155"},{"taxonomy":"ano","embeddable":true,"href":"https:\/\/concertacaoamazonia.com.br\/en\/wp-json\/wp\/v2\/ano?post=69155"},{"taxonomy":"eixos","embeddable":true,"href":"https:\/\/concertacaoamazonia.com.br\/en\/wp-json\/wp\/v2\/eixos?post=69155"}],"curies":[{"name":"wp","href":"https:\/\/api.w.org\/{rel}","templated":true}]}}