{"id":68505,"date":"2025-02-26T15:03:46","date_gmt":"2025-02-26T18:03:46","guid":{"rendered":"https:\/\/concertacaoamazonia.com.br\/?p=68505"},"modified":"2025-02-26T15:03:50","modified_gmt":"2025-02-26T18:03:50","slug":"sucesso-da-bioeconomia-depende-de-uniao-entre-ciencia-tecnologia-e-saberes-tradicionais-na-amazonia","status":"publish","type":"post","link":"https:\/\/concertacaoamazonia.com.br\/en\/2025\/02\/26\/sucesso-da-bioeconomia-depende-de-uniao-entre-ciencia-tecnologia-e-saberes-tradicionais-na-amazonia\/","title":{"rendered":"Sucesso da bioeconomia depende de uni\u00e3o entre ci\u00eancia, tecnologia e saberes tradicionais na Amaz\u00f4nia"},"content":{"rendered":"\n<p>Pesquisa do Idesam destaca o potencial global da bioeconomia e a necessidade de novas formas de governan\u00e7a colaborativa para o protagonismo brasileiro<br><\/p>\n","protected":false},"excerpt":{"rendered":"<p>Pesquisa do Idesam destaca o potencial global da bioeconomia e a necessidade de novas formas de governan\u00e7a colaborativa para o protagonismo brasileiro<\/p>\n","protected":false},"author":226,"featured_media":68506,"comment_status":"closed","ping_status":"closed","sticky":false,"template":"","format":"standard","meta":{"footnotes":""},"categories":[28],"tags":[],"veiculo":[1974],"ano":[2224],"eixos":[],"class_list":["post-68505","post","type-post","status-publish","format-standard","has-post-thumbnail","hentry","category-artigo-externo","veiculo-exame-com"],"_links":{"self":[{"href":"https:\/\/concertacaoamazonia.com.br\/en\/wp-json\/wp\/v2\/posts\/68505","targetHints":{"allow":["GET"]}}],"collection":[{"href":"https:\/\/concertacaoamazonia.com.br\/en\/wp-json\/wp\/v2\/posts"}],"about":[{"href":"https:\/\/concertacaoamazonia.com.br\/en\/wp-json\/wp\/v2\/types\/post"}],"author":[{"embeddable":true,"href":"https:\/\/concertacaoamazonia.com.br\/en\/wp-json\/wp\/v2\/users\/226"}],"replies":[{"embeddable":true,"href":"https:\/\/concertacaoamazonia.com.br\/en\/wp-json\/wp\/v2\/comments?post=68505"}],"version-history":[{"count":0,"href":"https:\/\/concertacaoamazonia.com.br\/en\/wp-json\/wp\/v2\/posts\/68505\/revisions"}],"wp:featuredmedia":[{"embeddable":true,"href":"https:\/\/concertacaoamazonia.com.br\/en\/wp-json\/wp\/v2\/media\/68506"}],"wp:attachment":[{"href":"https:\/\/concertacaoamazonia.com.br\/en\/wp-json\/wp\/v2\/media?parent=68505"}],"wp:term":[{"taxonomy":"category","embeddable":true,"href":"https:\/\/concertacaoamazonia.com.br\/en\/wp-json\/wp\/v2\/categories?post=68505"},{"taxonomy":"post_tag","embeddable":true,"href":"https:\/\/concertacaoamazonia.com.br\/en\/wp-json\/wp\/v2\/tags?post=68505"},{"taxonomy":"veiculo","embeddable":true,"href":"https:\/\/concertacaoamazonia.com.br\/en\/wp-json\/wp\/v2\/veiculo?post=68505"},{"taxonomy":"ano","embeddable":true,"href":"https:\/\/concertacaoamazonia.com.br\/en\/wp-json\/wp\/v2\/ano?post=68505"},{"taxonomy":"eixos","embeddable":true,"href":"https:\/\/concertacaoamazonia.com.br\/en\/wp-json\/wp\/v2\/eixos?post=68505"}],"curies":[{"name":"wp","href":"https:\/\/api.w.org\/{rel}","templated":true}]}}