{"id":65423,"date":"2025-02-10T09:50:46","date_gmt":"2025-02-10T12:50:46","guid":{"rendered":"https:\/\/concertacaoamazonia.com.br\/?p=65423"},"modified":"2025-02-10T09:50:49","modified_gmt":"2025-02-10T12:50:49","slug":"criacao-de-peixes-nativos-na-amazonia-legal-tem-potencial-represado","status":"publish","type":"post","link":"https:\/\/concertacaoamazonia.com.br\/en\/2025\/02\/10\/criacao-de-peixes-nativos-na-amazonia-legal-tem-potencial-represado\/","title":{"rendered":"Cria\u00e7\u00e3o de peixes nativos na Amaz\u00f4nia Legal tem potencial represado"},"content":{"rendered":"\n<p>Marco regulat\u00f3rio mais claro, simplifica\u00e7\u00e3o do licenciamento ambiental e assessoria aos produtores podem fortalecer a atividade<br><\/p>\n","protected":false},"excerpt":{"rendered":"<p>Marco regulat\u00f3rio mais claro, simplifica\u00e7\u00e3o do licenciamento ambiental e assessoria aos produtores podem fortalecer a atividade<\/p>\n","protected":false},"author":226,"featured_media":65424,"comment_status":"closed","ping_status":"closed","sticky":false,"template":"","format":"standard","meta":{"footnotes":""},"categories":[28],"tags":[],"veiculo":[2089],"ano":[2224],"eixos":[],"class_list":["post-65423","post","type-post","status-publish","format-standard","has-post-thumbnail","hentry","category-artigo-externo","veiculo-globo-rural"],"_links":{"self":[{"href":"https:\/\/concertacaoamazonia.com.br\/en\/wp-json\/wp\/v2\/posts\/65423","targetHints":{"allow":["GET"]}}],"collection":[{"href":"https:\/\/concertacaoamazonia.com.br\/en\/wp-json\/wp\/v2\/posts"}],"about":[{"href":"https:\/\/concertacaoamazonia.com.br\/en\/wp-json\/wp\/v2\/types\/post"}],"author":[{"embeddable":true,"href":"https:\/\/concertacaoamazonia.com.br\/en\/wp-json\/wp\/v2\/users\/226"}],"replies":[{"embeddable":true,"href":"https:\/\/concertacaoamazonia.com.br\/en\/wp-json\/wp\/v2\/comments?post=65423"}],"version-history":[{"count":0,"href":"https:\/\/concertacaoamazonia.com.br\/en\/wp-json\/wp\/v2\/posts\/65423\/revisions"}],"wp:featuredmedia":[{"embeddable":true,"href":"https:\/\/concertacaoamazonia.com.br\/en\/wp-json\/wp\/v2\/media\/65424"}],"wp:attachment":[{"href":"https:\/\/concertacaoamazonia.com.br\/en\/wp-json\/wp\/v2\/media?parent=65423"}],"wp:term":[{"taxonomy":"category","embeddable":true,"href":"https:\/\/concertacaoamazonia.com.br\/en\/wp-json\/wp\/v2\/categories?post=65423"},{"taxonomy":"post_tag","embeddable":true,"href":"https:\/\/concertacaoamazonia.com.br\/en\/wp-json\/wp\/v2\/tags?post=65423"},{"taxonomy":"veiculo","embeddable":true,"href":"https:\/\/concertacaoamazonia.com.br\/en\/wp-json\/wp\/v2\/veiculo?post=65423"},{"taxonomy":"ano","embeddable":true,"href":"https:\/\/concertacaoamazonia.com.br\/en\/wp-json\/wp\/v2\/ano?post=65423"},{"taxonomy":"eixos","embeddable":true,"href":"https:\/\/concertacaoamazonia.com.br\/en\/wp-json\/wp\/v2\/eixos?post=65423"}],"curies":[{"name":"wp","href":"https:\/\/api.w.org\/{rel}","templated":true}]}}