{"id":65233,"date":"2025-02-03T12:29:59","date_gmt":"2025-02-03T15:29:59","guid":{"rendered":"https:\/\/concertacaoamazonia.com.br\/?p=65233"},"modified":"2025-02-03T12:30:05","modified_gmt":"2025-02-03T15:30:05","slug":"amacro-ameacas-e-assassinatos-marcam-area-de-avanco-do-agronegocio-na-amazonia","status":"publish","type":"post","link":"https:\/\/concertacaoamazonia.com.br\/en\/2025\/02\/03\/amacro-ameacas-e-assassinatos-marcam-area-de-avanco-do-agronegocio-na-amazonia\/","title":{"rendered":"Amacro: amea\u00e7as e assassinatos marcam \u00e1rea de avan\u00e7o do agroneg\u00f3cio na Amaz\u00f4nia"},"content":{"rendered":"\n<p>Em Boca do Acre, agricultor foi morto a tiros em disputa por terra; autor \u00e9 fazendeiro e se entregou \u00e0 pol\u00edcia<\/p>\n","protected":false},"excerpt":{"rendered":"<p>Em Boca do Acre, agricultor foi morto a tiros em disputa por terra; autor \u00e9 fazendeiro e se entregou \u00e0 pol\u00edcia<\/p>\n","protected":false},"author":226,"featured_media":65234,"comment_status":"closed","ping_status":"closed","sticky":false,"template":"","format":"standard","meta":{"footnotes":""},"categories":[28],"tags":[],"veiculo":[1869],"ano":[2224],"eixos":[],"class_list":["post-65233","post","type-post","status-publish","format-standard","has-post-thumbnail","hentry","category-artigo-externo","veiculo-carta-capital"],"_links":{"self":[{"href":"https:\/\/concertacaoamazonia.com.br\/en\/wp-json\/wp\/v2\/posts\/65233","targetHints":{"allow":["GET"]}}],"collection":[{"href":"https:\/\/concertacaoamazonia.com.br\/en\/wp-json\/wp\/v2\/posts"}],"about":[{"href":"https:\/\/concertacaoamazonia.com.br\/en\/wp-json\/wp\/v2\/types\/post"}],"author":[{"embeddable":true,"href":"https:\/\/concertacaoamazonia.com.br\/en\/wp-json\/wp\/v2\/users\/226"}],"replies":[{"embeddable":true,"href":"https:\/\/concertacaoamazonia.com.br\/en\/wp-json\/wp\/v2\/comments?post=65233"}],"version-history":[{"count":0,"href":"https:\/\/concertacaoamazonia.com.br\/en\/wp-json\/wp\/v2\/posts\/65233\/revisions"}],"wp:featuredmedia":[{"embeddable":true,"href":"https:\/\/concertacaoamazonia.com.br\/en\/wp-json\/wp\/v2\/media\/65234"}],"wp:attachment":[{"href":"https:\/\/concertacaoamazonia.com.br\/en\/wp-json\/wp\/v2\/media?parent=65233"}],"wp:term":[{"taxonomy":"category","embeddable":true,"href":"https:\/\/concertacaoamazonia.com.br\/en\/wp-json\/wp\/v2\/categories?post=65233"},{"taxonomy":"post_tag","embeddable":true,"href":"https:\/\/concertacaoamazonia.com.br\/en\/wp-json\/wp\/v2\/tags?post=65233"},{"taxonomy":"veiculo","embeddable":true,"href":"https:\/\/concertacaoamazonia.com.br\/en\/wp-json\/wp\/v2\/veiculo?post=65233"},{"taxonomy":"ano","embeddable":true,"href":"https:\/\/concertacaoamazonia.com.br\/en\/wp-json\/wp\/v2\/ano?post=65233"},{"taxonomy":"eixos","embeddable":true,"href":"https:\/\/concertacaoamazonia.com.br\/en\/wp-json\/wp\/v2\/eixos?post=65233"}],"curies":[{"name":"wp","href":"https:\/\/api.w.org\/{rel}","templated":true}]}}