{"id":65130,"date":"2025-02-03T08:15:37","date_gmt":"2025-02-03T11:15:37","guid":{"rendered":"https:\/\/concertacaoamazonia.com.br\/?p=65130"},"modified":"2025-02-03T08:17:05","modified_gmt":"2025-02-03T11:17:05","slug":"a-entrega-da-amazonia-a-divisao-do-territorio-e-o-deposito-de-lixo","status":"publish","type":"post","link":"https:\/\/concertacaoamazonia.com.br\/en\/2025\/02\/03\/a-entrega-da-amazonia-a-divisao-do-territorio-e-o-deposito-de-lixo\/","title":{"rendered":"A entrega da Amaz\u00f4nia, a divis\u00e3o do territ\u00f3rio e o dep\u00f3sito de lixo"},"content":{"rendered":"\n<p>Quem entende alguma coisa sobre a m\u00e1fia sabe que lixo \u00e9 com ela mesma \u2013refiro-me a lixo de forma literal, mais especificamente o \u201cdescarte de res\u00edduos\u201d. Essa ind\u00fastria tem sido historicamente uma esp\u00e9cie de monop\u00f3lio do crime em regi\u00f5es completamente d\u00edspares, dos Estados Unidos \u00e0 Sic\u00edlia (It\u00e1lia).<\/p>\n\n\n\n<p><\/p>\n","protected":false},"excerpt":{"rendered":"<p>Quem entende alguma coisa sobre a m\u00e1fia sabe que lixo \u00e9 com ela mesma \u2013refiro-me a lixo de forma literal, mais especificamente o \u201cdescarte de res\u00edduos\u201d. Essa ind\u00fastria tem sido historicamente uma esp\u00e9cie de monop\u00f3lio do crime em regi\u00f5es completamente d\u00edspares, dos Estados Unidos \u00e0 Sic\u00edlia (It\u00e1lia).<\/p>\n","protected":false},"author":226,"featured_media":65131,"comment_status":"closed","ping_status":"closed","sticky":false,"template":"","format":"standard","meta":{"footnotes":""},"categories":[28],"tags":[],"veiculo":[1914],"ano":[2224],"eixos":[],"class_list":["post-65130","post","type-post","status-publish","format-standard","has-post-thumbnail","hentry","category-artigo-externo","veiculo-poder-360"],"_links":{"self":[{"href":"https:\/\/concertacaoamazonia.com.br\/en\/wp-json\/wp\/v2\/posts\/65130","targetHints":{"allow":["GET"]}}],"collection":[{"href":"https:\/\/concertacaoamazonia.com.br\/en\/wp-json\/wp\/v2\/posts"}],"about":[{"href":"https:\/\/concertacaoamazonia.com.br\/en\/wp-json\/wp\/v2\/types\/post"}],"author":[{"embeddable":true,"href":"https:\/\/concertacaoamazonia.com.br\/en\/wp-json\/wp\/v2\/users\/226"}],"replies":[{"embeddable":true,"href":"https:\/\/concertacaoamazonia.com.br\/en\/wp-json\/wp\/v2\/comments?post=65130"}],"version-history":[{"count":0,"href":"https:\/\/concertacaoamazonia.com.br\/en\/wp-json\/wp\/v2\/posts\/65130\/revisions"}],"wp:featuredmedia":[{"embeddable":true,"href":"https:\/\/concertacaoamazonia.com.br\/en\/wp-json\/wp\/v2\/media\/65131"}],"wp:attachment":[{"href":"https:\/\/concertacaoamazonia.com.br\/en\/wp-json\/wp\/v2\/media?parent=65130"}],"wp:term":[{"taxonomy":"category","embeddable":true,"href":"https:\/\/concertacaoamazonia.com.br\/en\/wp-json\/wp\/v2\/categories?post=65130"},{"taxonomy":"post_tag","embeddable":true,"href":"https:\/\/concertacaoamazonia.com.br\/en\/wp-json\/wp\/v2\/tags?post=65130"},{"taxonomy":"veiculo","embeddable":true,"href":"https:\/\/concertacaoamazonia.com.br\/en\/wp-json\/wp\/v2\/veiculo?post=65130"},{"taxonomy":"ano","embeddable":true,"href":"https:\/\/concertacaoamazonia.com.br\/en\/wp-json\/wp\/v2\/ano?post=65130"},{"taxonomy":"eixos","embeddable":true,"href":"https:\/\/concertacaoamazonia.com.br\/en\/wp-json\/wp\/v2\/eixos?post=65130"}],"curies":[{"name":"wp","href":"https:\/\/api.w.org\/{rel}","templated":true}]}}