{"id":64849,"date":"2025-01-29T16:39:53","date_gmt":"2025-01-29T19:39:53","guid":{"rendered":"https:\/\/concertacaoamazonia.com.br\/?p=64849"},"modified":"2025-01-29T16:40:00","modified_gmt":"2025-01-29T19:40:00","slug":"mendonca-homologa-parte-de-plano-sobre-a-amazonia-mas-cobra-explicacoes-do-governo-lula","status":"publish","type":"post","link":"https:\/\/concertacaoamazonia.com.br\/en\/2025\/01\/29\/mendonca-homologa-parte-de-plano-sobre-a-amazonia-mas-cobra-explicacoes-do-governo-lula\/","title":{"rendered":"Mendon\u00e7a homologa parte de plano sobre a Amaz\u00f4nia, mas cobra explica\u00e7\u00f5es do governo Lula"},"content":{"rendered":"\n<p>O ministro apontou o descumprimento de \u2018v\u00e1rios aspectos\u2019 de uma decis\u00e3o do STF<\/p>\n","protected":false},"excerpt":{"rendered":"<p>O ministro apontou o descumprimento de \u2018v\u00e1rios aspectos\u2019 de uma decis\u00e3o do STF<\/p>\n","protected":false},"author":226,"featured_media":64850,"comment_status":"closed","ping_status":"closed","sticky":false,"template":"","format":"standard","meta":{"footnotes":""},"categories":[28],"tags":[],"veiculo":[1869],"ano":[2224],"eixos":[],"class_list":["post-64849","post","type-post","status-publish","format-standard","has-post-thumbnail","hentry","category-artigo-externo","veiculo-carta-capital"],"_links":{"self":[{"href":"https:\/\/concertacaoamazonia.com.br\/en\/wp-json\/wp\/v2\/posts\/64849","targetHints":{"allow":["GET"]}}],"collection":[{"href":"https:\/\/concertacaoamazonia.com.br\/en\/wp-json\/wp\/v2\/posts"}],"about":[{"href":"https:\/\/concertacaoamazonia.com.br\/en\/wp-json\/wp\/v2\/types\/post"}],"author":[{"embeddable":true,"href":"https:\/\/concertacaoamazonia.com.br\/en\/wp-json\/wp\/v2\/users\/226"}],"replies":[{"embeddable":true,"href":"https:\/\/concertacaoamazonia.com.br\/en\/wp-json\/wp\/v2\/comments?post=64849"}],"version-history":[{"count":0,"href":"https:\/\/concertacaoamazonia.com.br\/en\/wp-json\/wp\/v2\/posts\/64849\/revisions"}],"wp:featuredmedia":[{"embeddable":true,"href":"https:\/\/concertacaoamazonia.com.br\/en\/wp-json\/wp\/v2\/media\/64850"}],"wp:attachment":[{"href":"https:\/\/concertacaoamazonia.com.br\/en\/wp-json\/wp\/v2\/media?parent=64849"}],"wp:term":[{"taxonomy":"category","embeddable":true,"href":"https:\/\/concertacaoamazonia.com.br\/en\/wp-json\/wp\/v2\/categories?post=64849"},{"taxonomy":"post_tag","embeddable":true,"href":"https:\/\/concertacaoamazonia.com.br\/en\/wp-json\/wp\/v2\/tags?post=64849"},{"taxonomy":"veiculo","embeddable":true,"href":"https:\/\/concertacaoamazonia.com.br\/en\/wp-json\/wp\/v2\/veiculo?post=64849"},{"taxonomy":"ano","embeddable":true,"href":"https:\/\/concertacaoamazonia.com.br\/en\/wp-json\/wp\/v2\/ano?post=64849"},{"taxonomy":"eixos","embeddable":true,"href":"https:\/\/concertacaoamazonia.com.br\/en\/wp-json\/wp\/v2\/eixos?post=64849"}],"curies":[{"name":"wp","href":"https:\/\/api.w.org\/{rel}","templated":true}]}}