{"id":64614,"date":"2025-01-22T15:28:37","date_gmt":"2025-01-22T18:28:37","guid":{"rendered":"https:\/\/concertacaoamazonia.com.br\/?p=64614"},"modified":"2025-01-22T15:28:39","modified_gmt":"2025-01-22T18:28:39","slug":"novas-hidrovias-na-amazonia-podem-agravar-mudancas-climaticas-alertam-especialistas","status":"publish","type":"post","link":"https:\/\/concertacaoamazonia.com.br\/en\/2025\/01\/22\/novas-hidrovias-na-amazonia-podem-agravar-mudancas-climaticas-alertam-especialistas\/","title":{"rendered":"Novas hidrovias na Amaz\u00f4nia podem agravar mudan\u00e7as clim\u00e1ticas, alertam especialistas"},"content":{"rendered":"\n<p>Os novos planos para a constru\u00e7\u00e3o de canais de navega\u00e7\u00e3o comercial usaram dados antigos e n\u00e3o fizeram proje\u00e7\u00f5es de riscos clim\u00e1ticos nem estudos de impacto sobre o clima; especialistas dizem que h\u00e1 possibilidade de perda de dezenas de bilh\u00f5es de investimentos.<a href=\"https:\/\/portalamazonia.com\/author\/a261cd6b5c0bf2c7\/\"><\/a><\/p>\n","protected":false},"excerpt":{"rendered":"<p>Os novos planos para a constru\u00e7\u00e3o de canais de navega\u00e7\u00e3o comercial usaram dados antigos e n\u00e3o fizeram proje\u00e7\u00f5es de riscos clim\u00e1ticos nem estudos de impacto sobre o clima; especialistas dizem que h\u00e1 possibilidade de perda de dezenas de bilh\u00f5es de investimentos.<\/p>\n","protected":false},"author":226,"featured_media":64615,"comment_status":"closed","ping_status":"closed","sticky":false,"template":"","format":"standard","meta":{"footnotes":""},"categories":[28],"tags":[],"veiculo":[2145],"ano":[2224],"eixos":[],"class_list":["post-64614","post","type-post","status-publish","format-standard","has-post-thumbnail","hentry","category-artigo-externo","veiculo-portal-amazonia"],"_links":{"self":[{"href":"https:\/\/concertacaoamazonia.com.br\/en\/wp-json\/wp\/v2\/posts\/64614","targetHints":{"allow":["GET"]}}],"collection":[{"href":"https:\/\/concertacaoamazonia.com.br\/en\/wp-json\/wp\/v2\/posts"}],"about":[{"href":"https:\/\/concertacaoamazonia.com.br\/en\/wp-json\/wp\/v2\/types\/post"}],"author":[{"embeddable":true,"href":"https:\/\/concertacaoamazonia.com.br\/en\/wp-json\/wp\/v2\/users\/226"}],"replies":[{"embeddable":true,"href":"https:\/\/concertacaoamazonia.com.br\/en\/wp-json\/wp\/v2\/comments?post=64614"}],"version-history":[{"count":0,"href":"https:\/\/concertacaoamazonia.com.br\/en\/wp-json\/wp\/v2\/posts\/64614\/revisions"}],"wp:featuredmedia":[{"embeddable":true,"href":"https:\/\/concertacaoamazonia.com.br\/en\/wp-json\/wp\/v2\/media\/64615"}],"wp:attachment":[{"href":"https:\/\/concertacaoamazonia.com.br\/en\/wp-json\/wp\/v2\/media?parent=64614"}],"wp:term":[{"taxonomy":"category","embeddable":true,"href":"https:\/\/concertacaoamazonia.com.br\/en\/wp-json\/wp\/v2\/categories?post=64614"},{"taxonomy":"post_tag","embeddable":true,"href":"https:\/\/concertacaoamazonia.com.br\/en\/wp-json\/wp\/v2\/tags?post=64614"},{"taxonomy":"veiculo","embeddable":true,"href":"https:\/\/concertacaoamazonia.com.br\/en\/wp-json\/wp\/v2\/veiculo?post=64614"},{"taxonomy":"ano","embeddable":true,"href":"https:\/\/concertacaoamazonia.com.br\/en\/wp-json\/wp\/v2\/ano?post=64614"},{"taxonomy":"eixos","embeddable":true,"href":"https:\/\/concertacaoamazonia.com.br\/en\/wp-json\/wp\/v2\/eixos?post=64614"}],"curies":[{"name":"wp","href":"https:\/\/api.w.org\/{rel}","templated":true}]}}