{"id":63981,"date":"2024-12-09T10:17:36","date_gmt":"2024-12-09T13:17:36","guid":{"rendered":"https:\/\/concertacaoamazonia.com.br\/?p=63981"},"modified":"2024-12-09T10:17:39","modified_gmt":"2024-12-09T13:17:39","slug":"relatorio-destaca-estrategias-para-transformar-o-setor-madeireiro-da-amazonia-em-modelo-sustentavel","status":"publish","type":"post","link":"https:\/\/concertacaoamazonia.com.br\/en\/2024\/12\/09\/relatorio-destaca-estrategias-para-transformar-o-setor-madeireiro-da-amazonia-em-modelo-sustentavel\/","title":{"rendered":"Relat\u00f3rio destaca estrat\u00e9gias para transformar o setor madeireiro da Amaz\u00f4nia em modelo sustent\u00e1vel"},"content":{"rendered":"\n<p>Para o projeto Amaz\u00f4nia 2030, a madeira quando produzida de forma respons\u00e1vel desponta como alternativa para atender \u00e0s demandas de constru\u00e7\u00e3o civil e outros mercados globais.<\/p>\n","protected":false},"excerpt":{"rendered":"<p>Para o projeto Amaz\u00f4nia 2030, a madeira quando produzida de forma respons\u00e1vel desponta como alternativa para atender \u00e0s demandas de constru\u00e7\u00e3o civil e outros mercados globais.<\/p>\n","protected":false},"author":226,"featured_media":63982,"comment_status":"closed","ping_status":"closed","sticky":false,"template":"","format":"standard","meta":{"footnotes":""},"categories":[28],"tags":[],"veiculo":[2145],"ano":[2075],"eixos":[],"class_list":["post-63981","post","type-post","status-publish","format-standard","has-post-thumbnail","hentry","category-artigo-externo","veiculo-portal-amazonia"],"_links":{"self":[{"href":"https:\/\/concertacaoamazonia.com.br\/en\/wp-json\/wp\/v2\/posts\/63981","targetHints":{"allow":["GET"]}}],"collection":[{"href":"https:\/\/concertacaoamazonia.com.br\/en\/wp-json\/wp\/v2\/posts"}],"about":[{"href":"https:\/\/concertacaoamazonia.com.br\/en\/wp-json\/wp\/v2\/types\/post"}],"author":[{"embeddable":true,"href":"https:\/\/concertacaoamazonia.com.br\/en\/wp-json\/wp\/v2\/users\/226"}],"replies":[{"embeddable":true,"href":"https:\/\/concertacaoamazonia.com.br\/en\/wp-json\/wp\/v2\/comments?post=63981"}],"version-history":[{"count":0,"href":"https:\/\/concertacaoamazonia.com.br\/en\/wp-json\/wp\/v2\/posts\/63981\/revisions"}],"wp:featuredmedia":[{"embeddable":true,"href":"https:\/\/concertacaoamazonia.com.br\/en\/wp-json\/wp\/v2\/media\/63982"}],"wp:attachment":[{"href":"https:\/\/concertacaoamazonia.com.br\/en\/wp-json\/wp\/v2\/media?parent=63981"}],"wp:term":[{"taxonomy":"category","embeddable":true,"href":"https:\/\/concertacaoamazonia.com.br\/en\/wp-json\/wp\/v2\/categories?post=63981"},{"taxonomy":"post_tag","embeddable":true,"href":"https:\/\/concertacaoamazonia.com.br\/en\/wp-json\/wp\/v2\/tags?post=63981"},{"taxonomy":"veiculo","embeddable":true,"href":"https:\/\/concertacaoamazonia.com.br\/en\/wp-json\/wp\/v2\/veiculo?post=63981"},{"taxonomy":"ano","embeddable":true,"href":"https:\/\/concertacaoamazonia.com.br\/en\/wp-json\/wp\/v2\/ano?post=63981"},{"taxonomy":"eixos","embeddable":true,"href":"https:\/\/concertacaoamazonia.com.br\/en\/wp-json\/wp\/v2\/eixos?post=63981"}],"curies":[{"name":"wp","href":"https:\/\/api.w.org\/{rel}","templated":true}]}}