{"id":63718,"date":"2024-12-02T11:24:43","date_gmt":"2024-12-02T14:24:43","guid":{"rendered":"https:\/\/concertacaoamazonia.com.br\/?p=63718"},"modified":"2024-12-02T11:24:46","modified_gmt":"2024-12-02T14:24:46","slug":"tedxamazonia-em-manaus-debate-ideias-para-futuro-da-floresta","status":"publish","type":"post","link":"https:\/\/concertacaoamazonia.com.br\/en\/2024\/12\/02\/tedxamazonia-em-manaus-debate-ideias-para-futuro-da-floresta\/","title":{"rendered":"TEDxAmaz\u00f4nia, em Manaus, debate ideias para futuro da floresta"},"content":{"rendered":"\n<p>Evento re\u00fane 30 palestrantes em torno do tema &#8216;Ancestralidade Coletiva&#8217;. O encontro \u00e9 realizado at\u00e9 este domingo (1\u00ba).<\/p>\n","protected":false},"excerpt":{"rendered":"<p>Evento re\u00fane 30 palestrantes em torno do tema &#8216;Ancestralidade Coletiva&#8217;. O encontro \u00e9 realizado at\u00e9 este domingo (1\u00ba).<\/p>\n","protected":false},"author":226,"featured_media":63500,"comment_status":"closed","ping_status":"closed","sticky":false,"template":"","format":"standard","meta":{"footnotes":""},"categories":[28],"tags":[],"veiculo":[2145],"ano":[2075],"eixos":[],"class_list":["post-63718","post","type-post","status-publish","format-standard","has-post-thumbnail","hentry","category-artigo-externo","veiculo-portal-amazonia"],"_links":{"self":[{"href":"https:\/\/concertacaoamazonia.com.br\/en\/wp-json\/wp\/v2\/posts\/63718","targetHints":{"allow":["GET"]}}],"collection":[{"href":"https:\/\/concertacaoamazonia.com.br\/en\/wp-json\/wp\/v2\/posts"}],"about":[{"href":"https:\/\/concertacaoamazonia.com.br\/en\/wp-json\/wp\/v2\/types\/post"}],"author":[{"embeddable":true,"href":"https:\/\/concertacaoamazonia.com.br\/en\/wp-json\/wp\/v2\/users\/226"}],"replies":[{"embeddable":true,"href":"https:\/\/concertacaoamazonia.com.br\/en\/wp-json\/wp\/v2\/comments?post=63718"}],"version-history":[{"count":0,"href":"https:\/\/concertacaoamazonia.com.br\/en\/wp-json\/wp\/v2\/posts\/63718\/revisions"}],"wp:featuredmedia":[{"embeddable":true,"href":"https:\/\/concertacaoamazonia.com.br\/en\/wp-json\/wp\/v2\/media\/63500"}],"wp:attachment":[{"href":"https:\/\/concertacaoamazonia.com.br\/en\/wp-json\/wp\/v2\/media?parent=63718"}],"wp:term":[{"taxonomy":"category","embeddable":true,"href":"https:\/\/concertacaoamazonia.com.br\/en\/wp-json\/wp\/v2\/categories?post=63718"},{"taxonomy":"post_tag","embeddable":true,"href":"https:\/\/concertacaoamazonia.com.br\/en\/wp-json\/wp\/v2\/tags?post=63718"},{"taxonomy":"veiculo","embeddable":true,"href":"https:\/\/concertacaoamazonia.com.br\/en\/wp-json\/wp\/v2\/veiculo?post=63718"},{"taxonomy":"ano","embeddable":true,"href":"https:\/\/concertacaoamazonia.com.br\/en\/wp-json\/wp\/v2\/ano?post=63718"},{"taxonomy":"eixos","embeddable":true,"href":"https:\/\/concertacaoamazonia.com.br\/en\/wp-json\/wp\/v2\/eixos?post=63718"}],"curies":[{"name":"wp","href":"https:\/\/api.w.org\/{rel}","templated":true}]}}