{"id":62816,"date":"2024-10-18T15:00:12","date_gmt":"2024-10-18T18:00:12","guid":{"rendered":"https:\/\/concertacaoamazonia.com.br\/?p=62816"},"modified":"2024-10-18T15:00:14","modified_gmt":"2024-10-18T18:00:14","slug":"os-dilemas-da-amazonia-conectada","status":"publish","type":"post","link":"https:\/\/concertacaoamazonia.com.br\/en\/2024\/10\/18\/os-dilemas-da-amazonia-conectada\/","title":{"rendered":"Os dilemas da Amaz\u00f4nia conectada"},"content":{"rendered":"\n<p>\u00c9 essencial que a inclus\u00e3o digital das comunidades seja acompanhada por a\u00e7\u00f5es de letramento digital e de promo\u00e7\u00e3o do uso seguro da internet<\/p>\n","protected":false},"excerpt":{"rendered":"<p>\u00c9 essencial que a inclus\u00e3o digital das comunidades seja acompanhada por a\u00e7\u00f5es de letramento digital e de promo\u00e7\u00e3o do uso seguro da internet<\/p>\n","protected":false},"author":226,"featured_media":62817,"comment_status":"closed","ping_status":"closed","sticky":false,"template":"","format":"standard","meta":{"footnotes":""},"categories":[28],"tags":[],"veiculo":[1855],"ano":[2075],"eixos":[],"class_list":["post-62816","post","type-post","status-publish","format-standard","has-post-thumbnail","hentry","category-artigo-externo","veiculo-nexo-jornal"],"_links":{"self":[{"href":"https:\/\/concertacaoamazonia.com.br\/en\/wp-json\/wp\/v2\/posts\/62816","targetHints":{"allow":["GET"]}}],"collection":[{"href":"https:\/\/concertacaoamazonia.com.br\/en\/wp-json\/wp\/v2\/posts"}],"about":[{"href":"https:\/\/concertacaoamazonia.com.br\/en\/wp-json\/wp\/v2\/types\/post"}],"author":[{"embeddable":true,"href":"https:\/\/concertacaoamazonia.com.br\/en\/wp-json\/wp\/v2\/users\/226"}],"replies":[{"embeddable":true,"href":"https:\/\/concertacaoamazonia.com.br\/en\/wp-json\/wp\/v2\/comments?post=62816"}],"version-history":[{"count":0,"href":"https:\/\/concertacaoamazonia.com.br\/en\/wp-json\/wp\/v2\/posts\/62816\/revisions"}],"wp:featuredmedia":[{"embeddable":true,"href":"https:\/\/concertacaoamazonia.com.br\/en\/wp-json\/wp\/v2\/media\/62817"}],"wp:attachment":[{"href":"https:\/\/concertacaoamazonia.com.br\/en\/wp-json\/wp\/v2\/media?parent=62816"}],"wp:term":[{"taxonomy":"category","embeddable":true,"href":"https:\/\/concertacaoamazonia.com.br\/en\/wp-json\/wp\/v2\/categories?post=62816"},{"taxonomy":"post_tag","embeddable":true,"href":"https:\/\/concertacaoamazonia.com.br\/en\/wp-json\/wp\/v2\/tags?post=62816"},{"taxonomy":"veiculo","embeddable":true,"href":"https:\/\/concertacaoamazonia.com.br\/en\/wp-json\/wp\/v2\/veiculo?post=62816"},{"taxonomy":"ano","embeddable":true,"href":"https:\/\/concertacaoamazonia.com.br\/en\/wp-json\/wp\/v2\/ano?post=62816"},{"taxonomy":"eixos","embeddable":true,"href":"https:\/\/concertacaoamazonia.com.br\/en\/wp-json\/wp\/v2\/eixos?post=62816"}],"curies":[{"name":"wp","href":"https:\/\/api.w.org\/{rel}","templated":true}]}}