{"id":61064,"date":"2024-09-17T17:43:39","date_gmt":"2024-09-17T20:43:39","guid":{"rendered":"https:\/\/concertacaoamazonia.com.br\/?p=61064"},"modified":"2024-09-17T17:43:41","modified_gmt":"2024-09-17T20:43:41","slug":"amazonia-desmatamento-em-agosto-de-2024-foi-o-menor-em-seis-anos","status":"publish","type":"post","link":"https:\/\/concertacaoamazonia.com.br\/en\/2024\/09\/17\/amazonia-desmatamento-em-agosto-de-2024-foi-o-menor-em-seis-anos\/","title":{"rendered":"Amaz\u00f4nia: desmatamento em agosto de 2024 foi o menor em seis anos"},"content":{"rendered":"\n<p>Dados do sistema de monitoramento Deter indicam queda de 10,6% em agosto e de 24% de janeiro a agosto em rela\u00e7\u00e3o aos mesmos per\u00edodos de 2023<br><\/p>\n","protected":false},"excerpt":{"rendered":"<p>Dados do sistema de monitoramento Deter indicam queda de 10,6% em agosto e de 24% de janeiro a agosto em rela\u00e7\u00e3o aos mesmos per\u00edodos de 2023<\/p>\n","protected":false},"author":226,"featured_media":61065,"comment_status":"closed","ping_status":"closed","sticky":false,"template":"","format":"standard","meta":{"footnotes":""},"categories":[28],"tags":[],"veiculo":[716],"ano":[2075],"eixos":[],"class_list":["post-61064","post","type-post","status-publish","format-standard","has-post-thumbnail","hentry","category-artigo-externo","veiculo-governo-federal"],"_links":{"self":[{"href":"https:\/\/concertacaoamazonia.com.br\/en\/wp-json\/wp\/v2\/posts\/61064","targetHints":{"allow":["GET"]}}],"collection":[{"href":"https:\/\/concertacaoamazonia.com.br\/en\/wp-json\/wp\/v2\/posts"}],"about":[{"href":"https:\/\/concertacaoamazonia.com.br\/en\/wp-json\/wp\/v2\/types\/post"}],"author":[{"embeddable":true,"href":"https:\/\/concertacaoamazonia.com.br\/en\/wp-json\/wp\/v2\/users\/226"}],"replies":[{"embeddable":true,"href":"https:\/\/concertacaoamazonia.com.br\/en\/wp-json\/wp\/v2\/comments?post=61064"}],"version-history":[{"count":0,"href":"https:\/\/concertacaoamazonia.com.br\/en\/wp-json\/wp\/v2\/posts\/61064\/revisions"}],"wp:featuredmedia":[{"embeddable":true,"href":"https:\/\/concertacaoamazonia.com.br\/en\/wp-json\/wp\/v2\/media\/61065"}],"wp:attachment":[{"href":"https:\/\/concertacaoamazonia.com.br\/en\/wp-json\/wp\/v2\/media?parent=61064"}],"wp:term":[{"taxonomy":"category","embeddable":true,"href":"https:\/\/concertacaoamazonia.com.br\/en\/wp-json\/wp\/v2\/categories?post=61064"},{"taxonomy":"post_tag","embeddable":true,"href":"https:\/\/concertacaoamazonia.com.br\/en\/wp-json\/wp\/v2\/tags?post=61064"},{"taxonomy":"veiculo","embeddable":true,"href":"https:\/\/concertacaoamazonia.com.br\/en\/wp-json\/wp\/v2\/veiculo?post=61064"},{"taxonomy":"ano","embeddable":true,"href":"https:\/\/concertacaoamazonia.com.br\/en\/wp-json\/wp\/v2\/ano?post=61064"},{"taxonomy":"eixos","embeddable":true,"href":"https:\/\/concertacaoamazonia.com.br\/en\/wp-json\/wp\/v2\/eixos?post=61064"}],"curies":[{"name":"wp","href":"https:\/\/api.w.org\/{rel}","templated":true}]}}