{"id":60656,"date":"2024-09-10T18:18:18","date_gmt":"2024-09-10T21:18:18","guid":{"rendered":"https:\/\/concertacaoamazonia.com.br\/?p=60656"},"modified":"2024-09-10T18:18:20","modified_gmt":"2024-09-10T21:18:20","slug":"terremotos-profundos-na-amazonia-intrigam-cientistas-que-investigam-origem","status":"publish","type":"post","link":"https:\/\/concertacaoamazonia.com.br\/en\/2024\/09\/10\/terremotos-profundos-na-amazonia-intrigam-cientistas-que-investigam-origem\/","title":{"rendered":"Terremotos profundos na Amaz\u00f4nia intrigam cientistas, que investigam origem"},"content":{"rendered":"\n<p>Cientistas brasileiros v\u00e3o fazer uma tomografia s\u00edsmica para avaliar o que causa terremotos profundos na placa de Nazca sob a Amaz\u00f4nia Ocidental<\/p>\n","protected":false},"excerpt":{"rendered":"<p>Cientistas brasileiros v\u00e3o fazer uma tomografia s\u00edsmica para avaliar o que causa terremotos profundos na placa de Nazca sob a Amaz\u00f4nia Ocidental<\/p>\n","protected":false},"author":226,"featured_media":59818,"comment_status":"closed","ping_status":"closed","sticky":false,"template":"","format":"standard","meta":{"footnotes":""},"categories":[28],"tags":[],"veiculo":[1731],"ano":[2075],"eixos":[],"class_list":["post-60656","post","type-post","status-publish","format-standard","has-post-thumbnail","hentry","category-artigo-externo","veiculo-uol"],"_links":{"self":[{"href":"https:\/\/concertacaoamazonia.com.br\/en\/wp-json\/wp\/v2\/posts\/60656","targetHints":{"allow":["GET"]}}],"collection":[{"href":"https:\/\/concertacaoamazonia.com.br\/en\/wp-json\/wp\/v2\/posts"}],"about":[{"href":"https:\/\/concertacaoamazonia.com.br\/en\/wp-json\/wp\/v2\/types\/post"}],"author":[{"embeddable":true,"href":"https:\/\/concertacaoamazonia.com.br\/en\/wp-json\/wp\/v2\/users\/226"}],"replies":[{"embeddable":true,"href":"https:\/\/concertacaoamazonia.com.br\/en\/wp-json\/wp\/v2\/comments?post=60656"}],"version-history":[{"count":0,"href":"https:\/\/concertacaoamazonia.com.br\/en\/wp-json\/wp\/v2\/posts\/60656\/revisions"}],"wp:featuredmedia":[{"embeddable":true,"href":"https:\/\/concertacaoamazonia.com.br\/en\/wp-json\/wp\/v2\/media\/59818"}],"wp:attachment":[{"href":"https:\/\/concertacaoamazonia.com.br\/en\/wp-json\/wp\/v2\/media?parent=60656"}],"wp:term":[{"taxonomy":"category","embeddable":true,"href":"https:\/\/concertacaoamazonia.com.br\/en\/wp-json\/wp\/v2\/categories?post=60656"},{"taxonomy":"post_tag","embeddable":true,"href":"https:\/\/concertacaoamazonia.com.br\/en\/wp-json\/wp\/v2\/tags?post=60656"},{"taxonomy":"veiculo","embeddable":true,"href":"https:\/\/concertacaoamazonia.com.br\/en\/wp-json\/wp\/v2\/veiculo?post=60656"},{"taxonomy":"ano","embeddable":true,"href":"https:\/\/concertacaoamazonia.com.br\/en\/wp-json\/wp\/v2\/ano?post=60656"},{"taxonomy":"eixos","embeddable":true,"href":"https:\/\/concertacaoamazonia.com.br\/en\/wp-json\/wp\/v2\/eixos?post=60656"}],"curies":[{"name":"wp","href":"https:\/\/api.w.org\/{rel}","templated":true}]}}