{"id":60354,"date":"2024-08-27T13:43:42","date_gmt":"2024-08-27T16:43:42","guid":{"rendered":"https:\/\/concertacaoamazonia.com.br\/?p=60354"},"modified":"2024-08-27T13:43:44","modified_gmt":"2024-08-27T16:43:44","slug":"incendio-no-marajo-consome-amazonia-ha-tres-semanas-veja-fogo-se-aproximar-de-casas","status":"publish","type":"post","link":"https:\/\/concertacaoamazonia.com.br\/en\/2024\/08\/27\/incendio-no-marajo-consome-amazonia-ha-tres-semanas-veja-fogo-se-aproximar-de-casas\/","title":{"rendered":"Inc\u00eandio no Maraj\u00f3 consome amaz\u00f4nia h\u00e1 tr\u00eas semanas; veja fogo se aproximar de casas"},"content":{"rendered":"\n<p>Ribeirinhos protocolaram den\u00fancia na Promotoria para solicitar refor\u00e7o no combate \u00e0s chamas<\/p>\n","protected":false},"excerpt":{"rendered":"<p>Ribeirinhos protocolaram den\u00fancia na Promotoria para solicitar refor\u00e7o no combate \u00e0s chamas<\/p>\n","protected":false},"author":226,"featured_media":60355,"comment_status":"closed","ping_status":"closed","sticky":false,"template":"","format":"standard","meta":{"footnotes":""},"categories":[28],"tags":[],"veiculo":[1974],"ano":[2075],"eixos":[],"class_list":["post-60354","post","type-post","status-publish","format-standard","has-post-thumbnail","hentry","category-artigo-externo","veiculo-exame-com"],"_links":{"self":[{"href":"https:\/\/concertacaoamazonia.com.br\/en\/wp-json\/wp\/v2\/posts\/60354","targetHints":{"allow":["GET"]}}],"collection":[{"href":"https:\/\/concertacaoamazonia.com.br\/en\/wp-json\/wp\/v2\/posts"}],"about":[{"href":"https:\/\/concertacaoamazonia.com.br\/en\/wp-json\/wp\/v2\/types\/post"}],"author":[{"embeddable":true,"href":"https:\/\/concertacaoamazonia.com.br\/en\/wp-json\/wp\/v2\/users\/226"}],"replies":[{"embeddable":true,"href":"https:\/\/concertacaoamazonia.com.br\/en\/wp-json\/wp\/v2\/comments?post=60354"}],"version-history":[{"count":0,"href":"https:\/\/concertacaoamazonia.com.br\/en\/wp-json\/wp\/v2\/posts\/60354\/revisions"}],"wp:featuredmedia":[{"embeddable":true,"href":"https:\/\/concertacaoamazonia.com.br\/en\/wp-json\/wp\/v2\/media\/60355"}],"wp:attachment":[{"href":"https:\/\/concertacaoamazonia.com.br\/en\/wp-json\/wp\/v2\/media?parent=60354"}],"wp:term":[{"taxonomy":"category","embeddable":true,"href":"https:\/\/concertacaoamazonia.com.br\/en\/wp-json\/wp\/v2\/categories?post=60354"},{"taxonomy":"post_tag","embeddable":true,"href":"https:\/\/concertacaoamazonia.com.br\/en\/wp-json\/wp\/v2\/tags?post=60354"},{"taxonomy":"veiculo","embeddable":true,"href":"https:\/\/concertacaoamazonia.com.br\/en\/wp-json\/wp\/v2\/veiculo?post=60354"},{"taxonomy":"ano","embeddable":true,"href":"https:\/\/concertacaoamazonia.com.br\/en\/wp-json\/wp\/v2\/ano?post=60354"},{"taxonomy":"eixos","embeddable":true,"href":"https:\/\/concertacaoamazonia.com.br\/en\/wp-json\/wp\/v2\/eixos?post=60354"}],"curies":[{"name":"wp","href":"https:\/\/api.w.org\/{rel}","templated":true}]}}