{"id":60342,"date":"2024-08-27T13:31:41","date_gmt":"2024-08-27T16:31:41","guid":{"rendered":"https:\/\/concertacaoamazonia.com.br\/?p=60342"},"modified":"2024-08-27T13:31:43","modified_gmt":"2024-08-27T16:31:43","slug":"garimpeiros-se-candidatam-e-querem-dominar-cidades-do-ouro-na-amazonia","status":"publish","type":"post","link":"https:\/\/concertacaoamazonia.com.br\/en\/2024\/08\/27\/garimpeiros-se-candidatam-e-querem-dominar-cidades-do-ouro-na-amazonia\/","title":{"rendered":"Garimpeiros se candidatam e querem dominar cidades do ouro na Amaz\u00f4nia"},"content":{"rendered":"\n<p>Elei\u00e7\u00f5es 2024 t\u00eam 58 candidatos que se definem garimpeiros. A maioria deles concorre em cidades da Amaz\u00f4nia com hist\u00f3rico de garimpo ilegal<br><\/p>\n","protected":false},"excerpt":{"rendered":"<p>Elei\u00e7\u00f5es 2024 t\u00eam 58 candidatos que se definem garimpeiros. A maioria deles concorre em cidades da Amaz\u00f4nia com hist\u00f3rico de garimpo ilegal<\/p>\n","protected":false},"author":226,"featured_media":60343,"comment_status":"closed","ping_status":"closed","sticky":false,"template":"","format":"standard","meta":{"footnotes":""},"categories":[28],"tags":[],"veiculo":[1864],"ano":[2075],"eixos":[],"class_list":["post-60342","post","type-post","status-publish","format-standard","has-post-thumbnail","hentry","category-artigo-externo","veiculo-metropoles"],"_links":{"self":[{"href":"https:\/\/concertacaoamazonia.com.br\/en\/wp-json\/wp\/v2\/posts\/60342","targetHints":{"allow":["GET"]}}],"collection":[{"href":"https:\/\/concertacaoamazonia.com.br\/en\/wp-json\/wp\/v2\/posts"}],"about":[{"href":"https:\/\/concertacaoamazonia.com.br\/en\/wp-json\/wp\/v2\/types\/post"}],"author":[{"embeddable":true,"href":"https:\/\/concertacaoamazonia.com.br\/en\/wp-json\/wp\/v2\/users\/226"}],"replies":[{"embeddable":true,"href":"https:\/\/concertacaoamazonia.com.br\/en\/wp-json\/wp\/v2\/comments?post=60342"}],"version-history":[{"count":0,"href":"https:\/\/concertacaoamazonia.com.br\/en\/wp-json\/wp\/v2\/posts\/60342\/revisions"}],"wp:featuredmedia":[{"embeddable":true,"href":"https:\/\/concertacaoamazonia.com.br\/en\/wp-json\/wp\/v2\/media\/60343"}],"wp:attachment":[{"href":"https:\/\/concertacaoamazonia.com.br\/en\/wp-json\/wp\/v2\/media?parent=60342"}],"wp:term":[{"taxonomy":"category","embeddable":true,"href":"https:\/\/concertacaoamazonia.com.br\/en\/wp-json\/wp\/v2\/categories?post=60342"},{"taxonomy":"post_tag","embeddable":true,"href":"https:\/\/concertacaoamazonia.com.br\/en\/wp-json\/wp\/v2\/tags?post=60342"},{"taxonomy":"veiculo","embeddable":true,"href":"https:\/\/concertacaoamazonia.com.br\/en\/wp-json\/wp\/v2\/veiculo?post=60342"},{"taxonomy":"ano","embeddable":true,"href":"https:\/\/concertacaoamazonia.com.br\/en\/wp-json\/wp\/v2\/ano?post=60342"},{"taxonomy":"eixos","embeddable":true,"href":"https:\/\/concertacaoamazonia.com.br\/en\/wp-json\/wp\/v2\/eixos?post=60342"}],"curies":[{"name":"wp","href":"https:\/\/api.w.org\/{rel}","templated":true}]}}