{"id":59991,"date":"2024-08-20T20:08:09","date_gmt":"2024-08-20T23:08:09","guid":{"rendered":"https:\/\/concertacaoamazonia.com.br\/?p=59991"},"modified":"2024-08-20T20:08:12","modified_gmt":"2024-08-20T23:08:12","slug":"paises-com-florestas-precisam-ser-remunerados-mesmo-com-desmatamento-zero-diz-marina-silva","status":"publish","type":"post","link":"https:\/\/concertacaoamazonia.com.br\/en\/2024\/08\/20\/paises-com-florestas-precisam-ser-remunerados-mesmo-com-desmatamento-zero-diz-marina-silva\/","title":{"rendered":"Pa\u00edses com florestas precisam ser remunerados mesmo com desmatamento zero, diz Marina Silva"},"content":{"rendered":"\n<p>Legado do Brasil na COP30 deve incluir novo fundo que premia na\u00e7\u00f5es por manter vegeta\u00e7\u00e3o de p\u00e9, afirma ministra do Meio Ambiente<\/p>\n","protected":false},"excerpt":{"rendered":"<p>Legado do Brasil na COP30 deve incluir novo fundo que premia na\u00e7\u00f5es por manter vegeta\u00e7\u00e3o de p\u00e9, afirma ministra do Meio Ambiente<\/p>\n","protected":false},"author":226,"featured_media":59992,"comment_status":"closed","ping_status":"closed","sticky":false,"template":"","format":"standard","meta":{"footnotes":""},"categories":[28],"tags":[],"veiculo":[1871],"ano":[2075],"eixos":[],"class_list":["post-59991","post","type-post","status-publish","format-standard","has-post-thumbnail","hentry","category-artigo-externo","veiculo-folha-de-sao-paulo-en-2"],"_links":{"self":[{"href":"https:\/\/concertacaoamazonia.com.br\/en\/wp-json\/wp\/v2\/posts\/59991","targetHints":{"allow":["GET"]}}],"collection":[{"href":"https:\/\/concertacaoamazonia.com.br\/en\/wp-json\/wp\/v2\/posts"}],"about":[{"href":"https:\/\/concertacaoamazonia.com.br\/en\/wp-json\/wp\/v2\/types\/post"}],"author":[{"embeddable":true,"href":"https:\/\/concertacaoamazonia.com.br\/en\/wp-json\/wp\/v2\/users\/226"}],"replies":[{"embeddable":true,"href":"https:\/\/concertacaoamazonia.com.br\/en\/wp-json\/wp\/v2\/comments?post=59991"}],"version-history":[{"count":0,"href":"https:\/\/concertacaoamazonia.com.br\/en\/wp-json\/wp\/v2\/posts\/59991\/revisions"}],"wp:featuredmedia":[{"embeddable":true,"href":"https:\/\/concertacaoamazonia.com.br\/en\/wp-json\/wp\/v2\/media\/59992"}],"wp:attachment":[{"href":"https:\/\/concertacaoamazonia.com.br\/en\/wp-json\/wp\/v2\/media?parent=59991"}],"wp:term":[{"taxonomy":"category","embeddable":true,"href":"https:\/\/concertacaoamazonia.com.br\/en\/wp-json\/wp\/v2\/categories?post=59991"},{"taxonomy":"post_tag","embeddable":true,"href":"https:\/\/concertacaoamazonia.com.br\/en\/wp-json\/wp\/v2\/tags?post=59991"},{"taxonomy":"veiculo","embeddable":true,"href":"https:\/\/concertacaoamazonia.com.br\/en\/wp-json\/wp\/v2\/veiculo?post=59991"},{"taxonomy":"ano","embeddable":true,"href":"https:\/\/concertacaoamazonia.com.br\/en\/wp-json\/wp\/v2\/ano?post=59991"},{"taxonomy":"eixos","embeddable":true,"href":"https:\/\/concertacaoamazonia.com.br\/en\/wp-json\/wp\/v2\/eixos?post=59991"}],"curies":[{"name":"wp","href":"https:\/\/api.w.org\/{rel}","templated":true}]}}