{"id":59674,"date":"2024-08-13T18:30:36","date_gmt":"2024-08-13T21:30:36","guid":{"rendered":"https:\/\/concertacaoamazonia.com.br\/?p=59674"},"modified":"2024-08-13T18:30:39","modified_gmt":"2024-08-13T21:30:39","slug":"como-golpismo-e-milicias-rurais-se-articulam-com-o-bolsonarismo-na-amazonia","status":"publish","type":"post","link":"https:\/\/concertacaoamazonia.com.br\/en\/2024\/08\/13\/como-golpismo-e-milicias-rurais-se-articulam-com-o-bolsonarismo-na-amazonia\/","title":{"rendered":"Como golpismo e mil\u00edcias rurais se articulam com o bolsonarismo na Amaz\u00f4nia"},"content":{"rendered":"\n<p>S\u00e9rie de reportagens segue a agenda de Nabhan Garcia, secret\u00e1rio de Assuntos Fundi\u00e1rios no governo Bolsonaro, para investigar a ascens\u00e3o da banda truculenta do agro na Amaz\u00f4nia, envolvida com golpismo e mil\u00edcias rurais<br><a href=\"https:\/\/reporterbrasil.org.br\/2024\/08\/ogronegocio-golpismo-milicias-bolsonarismo-amazonia\/#elementor-action%3Aaction%3Dpopup%3Aopen%26settings%3DeyJpZCI6Ijc3NjI2IiwidG9nZ2xlIjpmYWxzZX0%3D\"><\/a><\/p>\n","protected":false},"excerpt":{"rendered":"<p>S\u00e9rie de reportagens segue a agenda de Nabhan Garcia, secret\u00e1rio de Assuntos Fundi\u00e1rios no governo Bolsonaro, para investigar a ascens\u00e3o da banda truculenta do agro na Amaz\u00f4nia, envolvida com golpismo e mil\u00edcias rurais<\/p>\n","protected":false},"author":226,"featured_media":59675,"comment_status":"closed","ping_status":"closed","sticky":false,"template":"","format":"standard","meta":{"footnotes":""},"categories":[28],"tags":[],"veiculo":[2105],"ano":[2075],"eixos":[],"class_list":["post-59674","post","type-post","status-publish","format-standard","has-post-thumbnail","hentry","category-artigo-externo","veiculo-reporter-brasil"],"_links":{"self":[{"href":"https:\/\/concertacaoamazonia.com.br\/en\/wp-json\/wp\/v2\/posts\/59674","targetHints":{"allow":["GET"]}}],"collection":[{"href":"https:\/\/concertacaoamazonia.com.br\/en\/wp-json\/wp\/v2\/posts"}],"about":[{"href":"https:\/\/concertacaoamazonia.com.br\/en\/wp-json\/wp\/v2\/types\/post"}],"author":[{"embeddable":true,"href":"https:\/\/concertacaoamazonia.com.br\/en\/wp-json\/wp\/v2\/users\/226"}],"replies":[{"embeddable":true,"href":"https:\/\/concertacaoamazonia.com.br\/en\/wp-json\/wp\/v2\/comments?post=59674"}],"version-history":[{"count":0,"href":"https:\/\/concertacaoamazonia.com.br\/en\/wp-json\/wp\/v2\/posts\/59674\/revisions"}],"wp:featuredmedia":[{"embeddable":true,"href":"https:\/\/concertacaoamazonia.com.br\/en\/wp-json\/wp\/v2\/media\/59675"}],"wp:attachment":[{"href":"https:\/\/concertacaoamazonia.com.br\/en\/wp-json\/wp\/v2\/media?parent=59674"}],"wp:term":[{"taxonomy":"category","embeddable":true,"href":"https:\/\/concertacaoamazonia.com.br\/en\/wp-json\/wp\/v2\/categories?post=59674"},{"taxonomy":"post_tag","embeddable":true,"href":"https:\/\/concertacaoamazonia.com.br\/en\/wp-json\/wp\/v2\/tags?post=59674"},{"taxonomy":"veiculo","embeddable":true,"href":"https:\/\/concertacaoamazonia.com.br\/en\/wp-json\/wp\/v2\/veiculo?post=59674"},{"taxonomy":"ano","embeddable":true,"href":"https:\/\/concertacaoamazonia.com.br\/en\/wp-json\/wp\/v2\/ano?post=59674"},{"taxonomy":"eixos","embeddable":true,"href":"https:\/\/concertacaoamazonia.com.br\/en\/wp-json\/wp\/v2\/eixos?post=59674"}],"curies":[{"name":"wp","href":"https:\/\/api.w.org\/{rel}","templated":true}]}}