{"id":59661,"date":"2024-08-13T18:21:39","date_gmt":"2024-08-13T21:21:39","guid":{"rendered":"https:\/\/concertacaoamazonia.com.br\/?p=59661"},"modified":"2024-08-13T18:25:47","modified_gmt":"2024-08-13T21:25:47","slug":"cop30-correndo-contra-o-tempo-belem-vira-canteiro-de-obras","status":"publish","type":"post","link":"https:\/\/concertacaoamazonia.com.br\/en\/2024\/08\/13\/cop30-correndo-contra-o-tempo-belem-vira-canteiro-de-obras\/","title":{"rendered":"COP30:\u00a0 Correndo contra o tempo, Bel\u00e9m vira canteiro de obras"},"content":{"rendered":"\n<p>Capital do Par\u00e1 tenta desafogar o tr\u00e2nsito e criar leitos de hotel onde pode para receber a confer\u00eancia do clima da ONU, que acontece daqui pouco mais de um ano<\/p>\n","protected":false},"excerpt":{"rendered":"<p>Capital do Par\u00e1 tenta desafogar o tr\u00e2nsito e criar leitos de hotel onde pode para receber a confer\u00eancia do clima da ONU, que acontece daqui pouco mais de um ano<\/p>\n","protected":false},"author":226,"featured_media":59662,"comment_status":"closed","ping_status":"closed","sticky":false,"template":"","format":"standard","meta":{"footnotes":""},"categories":[28],"tags":[],"veiculo":[840],"ano":[2075],"eixos":[],"class_list":["post-59661","post","type-post","status-publish","format-standard","has-post-thumbnail","hentry","category-artigo-externo","veiculo-reset"],"_links":{"self":[{"href":"https:\/\/concertacaoamazonia.com.br\/en\/wp-json\/wp\/v2\/posts\/59661","targetHints":{"allow":["GET"]}}],"collection":[{"href":"https:\/\/concertacaoamazonia.com.br\/en\/wp-json\/wp\/v2\/posts"}],"about":[{"href":"https:\/\/concertacaoamazonia.com.br\/en\/wp-json\/wp\/v2\/types\/post"}],"author":[{"embeddable":true,"href":"https:\/\/concertacaoamazonia.com.br\/en\/wp-json\/wp\/v2\/users\/226"}],"replies":[{"embeddable":true,"href":"https:\/\/concertacaoamazonia.com.br\/en\/wp-json\/wp\/v2\/comments?post=59661"}],"version-history":[{"count":0,"href":"https:\/\/concertacaoamazonia.com.br\/en\/wp-json\/wp\/v2\/posts\/59661\/revisions"}],"wp:featuredmedia":[{"embeddable":true,"href":"https:\/\/concertacaoamazonia.com.br\/en\/wp-json\/wp\/v2\/media\/59662"}],"wp:attachment":[{"href":"https:\/\/concertacaoamazonia.com.br\/en\/wp-json\/wp\/v2\/media?parent=59661"}],"wp:term":[{"taxonomy":"category","embeddable":true,"href":"https:\/\/concertacaoamazonia.com.br\/en\/wp-json\/wp\/v2\/categories?post=59661"},{"taxonomy":"post_tag","embeddable":true,"href":"https:\/\/concertacaoamazonia.com.br\/en\/wp-json\/wp\/v2\/tags?post=59661"},{"taxonomy":"veiculo","embeddable":true,"href":"https:\/\/concertacaoamazonia.com.br\/en\/wp-json\/wp\/v2\/veiculo?post=59661"},{"taxonomy":"ano","embeddable":true,"href":"https:\/\/concertacaoamazonia.com.br\/en\/wp-json\/wp\/v2\/ano?post=59661"},{"taxonomy":"eixos","embeddable":true,"href":"https:\/\/concertacaoamazonia.com.br\/en\/wp-json\/wp\/v2\/eixos?post=59661"}],"curies":[{"name":"wp","href":"https:\/\/api.w.org\/{rel}","templated":true}]}}