{"id":59649,"date":"2024-08-13T17:31:26","date_gmt":"2024-08-13T20:31:26","guid":{"rendered":"https:\/\/concertacaoamazonia.com.br\/?p=59649"},"modified":"2024-08-13T17:31:30","modified_gmt":"2024-08-13T20:31:30","slug":"morre-tuire-a-guerreira-kayapo-que-parou-a-construcao-de-belo-monte-com-um-facao","status":"publish","type":"post","link":"https:\/\/concertacaoamazonia.com.br\/en\/2024\/08\/13\/morre-tuire-a-guerreira-kayapo-que-parou-a-construcao-de-belo-monte-com-um-facao\/","title":{"rendered":"Morre Tu\u00edre, a guerreira Kayap\u00f3 que parou a constru\u00e7\u00e3o de Belo Monte com um fac\u00e3o"},"content":{"rendered":"\n<p>Tu\u00edre foi pioneira no protagonismo feminino na luta dos povos ind\u00edgenas; Sua trajet\u00f3ria abriu espa\u00e7o para novas lideran\u00e7as, como a deputada federal C\u00e9lia Xakriab\u00e1, a atual presidente da Funai, Joenia Wapichana, al\u00e9m da ministra dos Povos Ind\u00edgenas, S\u00f4nia Guajajara<br><\/p>\n","protected":false},"excerpt":{"rendered":"<p>Tu\u00edre foi pioneira no protagonismo feminino na luta dos povos ind\u00edgenas; Sua trajet\u00f3ria abriu espa\u00e7o para novas lideran\u00e7as, como a deputada federal C\u00e9lia Xakriab\u00e1, a atual presidente da Funai, Joenia Wapichana, al\u00e9m da ministra dos Povos Ind\u00edgenas, S\u00f4nia Guajajara<\/p>\n","protected":false},"author":226,"featured_media":59650,"comment_status":"closed","ping_status":"closed","sticky":false,"template":"","format":"standard","meta":{"footnotes":""},"categories":[28],"tags":[],"veiculo":[2105],"ano":[2075],"eixos":[],"class_list":["post-59649","post","type-post","status-publish","format-standard","has-post-thumbnail","hentry","category-artigo-externo","veiculo-reporter-brasil"],"_links":{"self":[{"href":"https:\/\/concertacaoamazonia.com.br\/en\/wp-json\/wp\/v2\/posts\/59649","targetHints":{"allow":["GET"]}}],"collection":[{"href":"https:\/\/concertacaoamazonia.com.br\/en\/wp-json\/wp\/v2\/posts"}],"about":[{"href":"https:\/\/concertacaoamazonia.com.br\/en\/wp-json\/wp\/v2\/types\/post"}],"author":[{"embeddable":true,"href":"https:\/\/concertacaoamazonia.com.br\/en\/wp-json\/wp\/v2\/users\/226"}],"replies":[{"embeddable":true,"href":"https:\/\/concertacaoamazonia.com.br\/en\/wp-json\/wp\/v2\/comments?post=59649"}],"version-history":[{"count":0,"href":"https:\/\/concertacaoamazonia.com.br\/en\/wp-json\/wp\/v2\/posts\/59649\/revisions"}],"wp:featuredmedia":[{"embeddable":true,"href":"https:\/\/concertacaoamazonia.com.br\/en\/wp-json\/wp\/v2\/media\/59650"}],"wp:attachment":[{"href":"https:\/\/concertacaoamazonia.com.br\/en\/wp-json\/wp\/v2\/media?parent=59649"}],"wp:term":[{"taxonomy":"category","embeddable":true,"href":"https:\/\/concertacaoamazonia.com.br\/en\/wp-json\/wp\/v2\/categories?post=59649"},{"taxonomy":"post_tag","embeddable":true,"href":"https:\/\/concertacaoamazonia.com.br\/en\/wp-json\/wp\/v2\/tags?post=59649"},{"taxonomy":"veiculo","embeddable":true,"href":"https:\/\/concertacaoamazonia.com.br\/en\/wp-json\/wp\/v2\/veiculo?post=59649"},{"taxonomy":"ano","embeddable":true,"href":"https:\/\/concertacaoamazonia.com.br\/en\/wp-json\/wp\/v2\/ano?post=59649"},{"taxonomy":"eixos","embeddable":true,"href":"https:\/\/concertacaoamazonia.com.br\/en\/wp-json\/wp\/v2\/eixos?post=59649"}],"curies":[{"name":"wp","href":"https:\/\/api.w.org\/{rel}","templated":true}]}}