{"id":59645,"date":"2024-08-13T17:26:29","date_gmt":"2024-08-13T20:26:29","guid":{"rendered":"https:\/\/concertacaoamazonia.com.br\/?p=59645"},"modified":"2024-08-13T17:26:33","modified_gmt":"2024-08-13T20:26:33","slug":"amazonia-seca-extrema-afeta-precos-transporte-queimadas-e-saude","status":"publish","type":"post","link":"https:\/\/concertacaoamazonia.com.br\/en\/2024\/08\/13\/amazonia-seca-extrema-afeta-precos-transporte-queimadas-e-saude\/","title":{"rendered":"Amaz\u00f4nia: seca extrema afeta pre\u00e7os, transporte, queimadas e sa\u00fade"},"content":{"rendered":"\n<p>Situa\u00e7\u00e3o atual tem rela\u00e7\u00e3o com o \u00faltimo per\u00edodo chuvoso e El Ni\u00f1o. Fogo na vegeta\u00e7\u00e3o aumenta polui\u00e7\u00e3o e ocorr\u00eancia de doen\u00e7as respirat\u00f3rias<br><\/p>\n","protected":false},"excerpt":{"rendered":"<p>Situa\u00e7\u00e3o atual tem rela\u00e7\u00e3o com o \u00faltimo per\u00edodo chuvoso e El Ni\u00f1o. Fogo na vegeta\u00e7\u00e3o aumenta polui\u00e7\u00e3o e ocorr\u00eancia de doen\u00e7as respirat\u00f3rias<\/p>\n","protected":false},"author":226,"featured_media":59646,"comment_status":"closed","ping_status":"closed","sticky":false,"template":"","format":"standard","meta":{"footnotes":""},"categories":[28],"tags":[],"veiculo":[1864],"ano":[2075],"eixos":[],"class_list":["post-59645","post","type-post","status-publish","format-standard","has-post-thumbnail","hentry","category-artigo-externo","veiculo-metropoles"],"_links":{"self":[{"href":"https:\/\/concertacaoamazonia.com.br\/en\/wp-json\/wp\/v2\/posts\/59645","targetHints":{"allow":["GET"]}}],"collection":[{"href":"https:\/\/concertacaoamazonia.com.br\/en\/wp-json\/wp\/v2\/posts"}],"about":[{"href":"https:\/\/concertacaoamazonia.com.br\/en\/wp-json\/wp\/v2\/types\/post"}],"author":[{"embeddable":true,"href":"https:\/\/concertacaoamazonia.com.br\/en\/wp-json\/wp\/v2\/users\/226"}],"replies":[{"embeddable":true,"href":"https:\/\/concertacaoamazonia.com.br\/en\/wp-json\/wp\/v2\/comments?post=59645"}],"version-history":[{"count":0,"href":"https:\/\/concertacaoamazonia.com.br\/en\/wp-json\/wp\/v2\/posts\/59645\/revisions"}],"wp:featuredmedia":[{"embeddable":true,"href":"https:\/\/concertacaoamazonia.com.br\/en\/wp-json\/wp\/v2\/media\/59646"}],"wp:attachment":[{"href":"https:\/\/concertacaoamazonia.com.br\/en\/wp-json\/wp\/v2\/media?parent=59645"}],"wp:term":[{"taxonomy":"category","embeddable":true,"href":"https:\/\/concertacaoamazonia.com.br\/en\/wp-json\/wp\/v2\/categories?post=59645"},{"taxonomy":"post_tag","embeddable":true,"href":"https:\/\/concertacaoamazonia.com.br\/en\/wp-json\/wp\/v2\/tags?post=59645"},{"taxonomy":"veiculo","embeddable":true,"href":"https:\/\/concertacaoamazonia.com.br\/en\/wp-json\/wp\/v2\/veiculo?post=59645"},{"taxonomy":"ano","embeddable":true,"href":"https:\/\/concertacaoamazonia.com.br\/en\/wp-json\/wp\/v2\/ano?post=59645"},{"taxonomy":"eixos","embeddable":true,"href":"https:\/\/concertacaoamazonia.com.br\/en\/wp-json\/wp\/v2\/eixos?post=59645"}],"curies":[{"name":"wp","href":"https:\/\/api.w.org\/{rel}","templated":true}]}}